{"id":148584,"date":"2019-09-29T06:00:15","date_gmt":"2019-09-29T09:00:15","guid":{"rendered":"https:\/\/diarioregionaldigital.com.br\/?p=148584"},"modified":"2019-09-27T18:09:50","modified_gmt":"2019-09-27T21:09:50","slug":"prefeitura-municipal-de-tocantins-licitacao-no083-29-09-19","status":"publish","type":"post","link":"https:\/\/diarioregionaldigital.com.br\/?p=148584","title":{"rendered":"Prefeitura Municipal de Tocantins &#8211; Licita\u00e7\u00e3o n\u00ba083 &#8211; 29\/09\/19"},"content":{"rendered":"<p style=\"text-align: center;\"><strong>PREFEITURA MUNICIPAL DE TOCANTINS-MG<\/strong><strong>\u00a0<\/strong><\/p>\n<p style=\"text-align: center;\"><strong>ERRATA<\/strong><\/p>\n<p style=\"text-align: center;\"><strong>ALTERA\u00c7\u00c3O DO EDITAL E REDESIGNA\u00c7\u00c3O DE<\/strong><\/p>\n<p style=\"text-align: center;\"><strong>PROCESSO LICITA\u00c7\u00c3O N\u00ba 083\/2019<\/strong><\/p>\n<p style=\"text-align: center;\"><strong>Modalidade de Preg\u00e3o n\u00b0069\/2019<\/strong><\/p>\n<p style=\"text-align: center;\">O Munic\u00edpio de TOCANTINS-MG, na forma da lei, faz saber a todos os interessados que, em raz\u00e3o de ter identificado erro material na Publica\u00e7\u00e3o do aviso de licita\u00e7\u00e3o inicial, resolveu-se REDESIGNAR A DATA do preg\u00e3o presencial sistema registro de pre\u00e7o, cujo\u00a0o objeto principal \u00e9 a AQUISI\u00c7\u00c3O DE DIVERSOS MATERIAIS DE CONSTRU\u00c7\u00c3O PARA ATENDER AS NECESSIDADES DA SECRETARIA MUNICIPAL DE OBRAS P\u00daBLICAS NA MANUTEN\u00c7\u00c3O DE SUAS ATIVIDADES DI\u00c1RIAS. FICA REDESIGNADA\u00a0DATA DA LICITA\u00c7\u00c3O PARA O DIA 11\/10\/2019 \u00e0s 8:00 horas\u00a0na sala da comiss\u00e3o de licita\u00e7\u00e3o, localizada na Av. Padre Mac\u00e1rio, n\u00b0 129, bairro Centro, Munic\u00edpio de TOCANTINS-MG. O edital e seus anexos, encontram-se a disposi\u00e7\u00e3o dos interessados no endere\u00e7o citado anteriormente, no hor\u00e1rio de expediente de 08:00 \u00e0s 11:00 e de 13:00 \u00e0s 16:00 hrs. TOCANTINS\/MG, 27 de SETEMBRO de 2019.<\/p>\n<p style=\"text-align: center;\">\u00a0__________________________________________<\/p>\n<p style=\"text-align: center;\"><strong>LUIZ FERNANDO BARBOSA DA SILVA<\/strong><\/p>\n<p style=\"text-align: center;\"><strong>PREGOEIRO<\/strong><\/p>\n","protected":false},"excerpt":{"rendered":"<p>PREFEITURA MUNICIPAL DE TOCANTINS-MG\u00a0 ERRATA ALTERA\u00c7\u00c3O DO EDITAL E REDESIGNA\u00c7\u00c3O DE PROCESSO LICITA\u00c7\u00c3O N\u00ba 083\/2019 Modalidade de Preg\u00e3o n\u00b0069\/2019 O Munic\u00edpio de TOCANTINS-MG, na forma da lei, faz saber a todos os interessados que, em raz\u00e3o de ter identificado erro material na Publica\u00e7\u00e3o do aviso de licita\u00e7\u00e3o inicial, resolveu-se REDESIGNAR A DATA do preg\u00e3o presencial [&hellip;]<\/p>\n","protected":false},"author":96,"featured_media":0,"comment_status":"closed","ping_status":"closed","sticky":false,"template":"","format":"standard","meta":{"footnotes":""},"categories":[307],"tags":[],"class_list":["post-148584","post","type-post","status-publish","format-standard","hentry","category-editais"],"_links":{"self":[{"href":"https:\/\/diarioregionaldigital.com.br\/index.php?rest_route=\/wp\/v2\/posts\/148584","targetHints":{"allow":["GET"]}}],"collection":[{"href":"https:\/\/diarioregionaldigital.com.br\/index.php?rest_route=\/wp\/v2\/posts"}],"about":[{"href":"https:\/\/diarioregionaldigital.com.br\/index.php?rest_route=\/wp\/v2\/types\/post"}],"author":[{"embeddable":true,"href":"https:\/\/diarioregionaldigital.com.br\/index.php?rest_route=\/wp\/v2\/users\/96"}],"replies":[{"embeddable":true,"href":"https:\/\/diarioregionaldigital.com.br\/index.php?rest_route=%2Fwp%2Fv2%2Fcomments&post=148584"}],"version-history":[{"count":0,"href":"https:\/\/diarioregionaldigital.com.br\/index.php?rest_route=\/wp\/v2\/posts\/148584\/revisions"}],"wp:attachment":[{"href":"https:\/\/diarioregionaldigital.com.br\/index.php?rest_route=%2Fwp%2Fv2%2Fmedia&parent=148584"}],"wp:term":[{"taxonomy":"category","embeddable":true,"href":"https:\/\/diarioregionaldigital.com.br\/index.php?rest_route=%2Fwp%2Fv2%2Fcategories&post=148584"},{"taxonomy":"post_tag","embeddable":true,"href":"https:\/\/diarioregionaldigital.com.br\/index.php?rest_route=%2Fwp%2Fv2%2Ftags&post=148584"}],"curies":[{"name":"wp","href":"https:\/\/api.w.org\/{rel}","templated":true}]}}