{"id":148577,"date":"2019-09-27T10:07:41","date_gmt":"2019-09-27T13:07:41","guid":{"rendered":"https:\/\/diarioregionaldigital.com.br\/?p=148577"},"modified":"2019-09-28T12:01:43","modified_gmt":"2019-09-28T15:01:43","slug":"igp-m-acumula-taxa-de-inflacao-de-337-em-12-meses","status":"publish","type":"post","link":"https:\/\/diarioregionaldigital.com.br\/?p=148577","title":{"rendered":"IGP-M acumula taxa de infla\u00e7\u00e3o de 3,37% em 12 meses"},"content":{"rendered":"<p>O \u00cdndice Geral de Pre\u00e7os \u2013 Mercado (IGP-M), usado no reajuste dos contratos de aluguel, teve uma defla\u00e7\u00e3o (queda de pre\u00e7os) de 0,01% em setembro deste ano. Em agosto, a defla\u00e7\u00e3o foi mais acentuada, com uma queda de pre\u00e7os de 0,67%. Os dados s\u00e3o da Funda\u00e7\u00e3o Getulio Vargas (FGV).<\/p>\n<p>Apesar das quedas de pre\u00e7os dos \u00faltimos meses, o IGP-M acumula taxas de infla\u00e7\u00e3o de 4,09% no ano e de 3,37% em 12 meses.<\/p>\n<p>A alta da taxa de agosto (-0,67%) para setembro (-0,01%), foi puxada pelos pre\u00e7os no atacado e pelo custo da constru\u00e7\u00e3o. A taxa do \u00cdndice de Pre\u00e7os ao Produtor Amplo, que mede o atacado, subiu de -0,48% em agosto para -0,15% em setembro. J\u00e1 o \u00cdndice Nacional de Custo da Constru\u00e7\u00e3o passou de 0,34% para 0,60% no per\u00edodo.<\/p>\n<p>Por outro lado, o \u00cdndice de Pre\u00e7os ao Consumidor, que mede o varejo, teve queda, ao passar de uma infla\u00e7\u00e3o de 0,23% em agosto para uma defla\u00e7\u00e3o de 0,04% em setembro.<\/p>\n<p>Fonte: Ag\u00eancia Brasil<\/p>\n","protected":false},"excerpt":{"rendered":"<p>O \u00cdndice Geral de Pre\u00e7os \u2013 Mercado (IGP-M), usado no reajuste dos contratos de aluguel, teve uma defla\u00e7\u00e3o (queda de pre\u00e7os) de 0,01% em setembro deste ano. Em agosto, a defla\u00e7\u00e3o foi mais acentuada, com uma queda de pre\u00e7os de 0,67%. Os dados s\u00e3o da Funda\u00e7\u00e3o Getulio Vargas (FGV). Apesar das quedas de pre\u00e7os dos [&hellip;]<\/p>\n","protected":false},"author":96,"featured_media":148578,"comment_status":"closed","ping_status":"closed","sticky":false,"template":"","format":"standard","meta":{"footnotes":""},"categories":[436,440,261,439],"tags":[],"class_list":["post-148577","post","type-post","status-publish","format-standard","has-post-thumbnail","hentry","category-destaque-da-semana","category-destaques-do-dia","category-economia","category-ultima-hora"],"_links":{"self":[{"href":"https:\/\/diarioregionaldigital.com.br\/index.php?rest_route=\/wp\/v2\/posts\/148577","targetHints":{"allow":["GET"]}}],"collection":[{"href":"https:\/\/diarioregionaldigital.com.br\/index.php?rest_route=\/wp\/v2\/posts"}],"about":[{"href":"https:\/\/diarioregionaldigital.com.br\/index.php?rest_route=\/wp\/v2\/types\/post"}],"author":[{"embeddable":true,"href":"https:\/\/diarioregionaldigital.com.br\/index.php?rest_route=\/wp\/v2\/users\/96"}],"replies":[{"embeddable":true,"href":"https:\/\/diarioregionaldigital.com.br\/index.php?rest_route=%2Fwp%2Fv2%2Fcomments&post=148577"}],"version-history":[{"count":0,"href":"https:\/\/diarioregionaldigital.com.br\/index.php?rest_route=\/wp\/v2\/posts\/148577\/revisions"}],"wp:featuredmedia":[{"embeddable":true,"href":"https:\/\/diarioregionaldigital.com.br\/index.php?rest_route=\/wp\/v2\/media\/148578"}],"wp:attachment":[{"href":"https:\/\/diarioregionaldigital.com.br\/index.php?rest_route=%2Fwp%2Fv2%2Fmedia&parent=148577"}],"wp:term":[{"taxonomy":"category","embeddable":true,"href":"https:\/\/diarioregionaldigital.com.br\/index.php?rest_route=%2Fwp%2Fv2%2Fcategories&post=148577"},{"taxonomy":"post_tag","embeddable":true,"href":"https:\/\/diarioregionaldigital.com.br\/index.php?rest_route=%2Fwp%2Fv2%2Ftags&post=148577"}],"curies":[{"name":"wp","href":"https:\/\/api.w.org\/{rel}","templated":true}]}}