{"id":148484,"date":"2019-09-26T17:45:21","date_gmt":"2019-09-26T20:45:21","guid":{"rendered":"https:\/\/diarioregionaldigital.com.br\/?p=148484"},"modified":"2019-09-26T17:45:21","modified_gmt":"2019-09-26T20:45:21","slug":"campeonato-interno-da-pjf-futsal-ja-tem-semifinais-definidas","status":"publish","type":"post","link":"https:\/\/diarioregionaldigital.com.br\/?p=148484","title":{"rendered":"Campeonato Interno da PJF &#8211; Futsal j\u00e1 tem semifinais definidas"},"content":{"rendered":"<p>Depois de muita bola na rede durante a fase de classifica\u00e7\u00e3o, o futsal do &#8220;Campeonato Interno da PJF&#8221; j\u00e1 tem as semifinais definidas. As vagas foram decididas nesta ter\u00e7a-feira, 24, depois que quatro equipes entraram em quadra, no gin\u00e1sio da Secretaria de Esporte e Lazer (SEL), desenhando a classifica\u00e7\u00e3o. No primeiro jogo da noite, o time do Procon\/SEL venceu o da Procuradoria-Geral do Munic\u00edpio (PGM)\/Secretaria da Fazenda (SF) e ficou com a \u00faltima vaga para a disputa das semifinais. Na disputa pela lideran\u00e7a da competi\u00e7\u00e3o, o time das secretarias de Administra\u00e7\u00e3o e Recursos Humanos (SARH)\/Governo (SG)\/Comunica\u00e7\u00e3o P\u00fablica (Secom) venceu a equipe da Funda\u00e7\u00e3o Cultural \u201cAlfredo Ferreira Lage\u201d (Funalfa)\/Secretaria de Educa\u00e7\u00e3o (SE) e se manteve na lideran\u00e7a.<\/p>\n<p>&nbsp;<\/p>\n<p><strong>CONFIRA ABAIXO OS RESULTADOS DAS PARTIDAS:<\/strong><\/p>\n<p>&#8211; Procuradoria-Geral do Munic\u00edpio (PGM)\/Secretaria da Fazenda (SF) 2 x 6 Procon\/SEL<\/p>\n<p>-Secretarias de Administra\u00e7\u00e3o e Recursos Humanos (SARH)\/Comunica\u00e7\u00e3o P\u00fablica (Secom)\/Governo (SG) 5 x 0 Funda\u00e7\u00e3o Cultural \u201cAlfredo Ferreira Lage\u201d (Funalfa)\/Secretaria de Educa\u00e7\u00e3o (SE)<\/p>\n<p><strong><em>Semifinais<\/em><\/strong><\/p>\n<p>As equipes voltar\u00e3o \u00e0s quadras na pr\u00f3xima ter\u00e7a-feira, 1\u00ba de outubro, a partir das 19h30, com os seguintes jogos:<\/p>\n<p>&#8211; Secretarias de Administra\u00e7\u00e3o e Recursos Humanos (SARH)\/Comunica\u00e7\u00e3o P\u00fablica (Secom)\/Governo (SG) x Procon\/SEL<\/p>\n<p>&#8211; Funda\u00e7\u00e3o Cultural \u201cAlfredo Ferreira Lage\u201d (Funalfa)\/Secretaria de Educa\u00e7\u00e3o (SE) x Secretarias de Meio Ambiente e Ordenamento Urbano (Semaur)\/Sa\u00fade (SS)<\/p>\n<p>O futebol de campo masculino n\u00e3o ter\u00e1 rodada neste fim de semana. As equipes voltam a entrar em campo no s\u00e1bado, 6. O boletim com os jogos ser\u00e1 publicado na pr\u00f3xima semana.<\/p>\n<p>&nbsp;<\/p>\n<p><strong>\u201cCAMPEONATO INTERNO DA PJF\u201d<\/strong><\/p>\n<p>Realiza\u00e7\u00e3o da SEL, em parceria com a SARH. Os atletas est\u00e3o sendo orientados pela organiza\u00e7\u00e3o a se alimentar e dormir bem no dia anterior \u00e0s partidas e se hidratar bastante no dia. Al\u00e9m disso, est\u00e1 sendo recomendado o uso da \u201csubstitui\u00e7\u00e3o volante\u201d, que permite a troca de atletas quantas vezes forem necess\u00e1rias, para descanso e participa\u00e7\u00e3o de todos. Documentos e informa\u00e7\u00f5es sobre o torneio est\u00e3o dispon\u00edveis no site pjf.mg.gov.br\/secretarias\/sel\/campeonato.<\/p>\n<p>Fonte: Assessoria<\/p>\n","protected":false},"excerpt":{"rendered":"<p>Depois de muita bola na rede durante a fase de classifica\u00e7\u00e3o, o futsal do &#8220;Campeonato Interno da PJF&#8221; j\u00e1 tem as semifinais definidas. As vagas foram decididas nesta ter\u00e7a-feira, 24, depois que quatro equipes entraram em quadra, no gin\u00e1sio da Secretaria de Esporte e Lazer (SEL), desenhando a classifica\u00e7\u00e3o. No primeiro jogo da noite, o [&hellip;]<\/p>\n","protected":false},"author":96,"featured_media":148480,"comment_status":"closed","ping_status":"closed","sticky":false,"template":"","format":"standard","meta":{"footnotes":""},"categories":[436,257,439],"tags":[],"class_list":["post-148484","post","type-post","status-publish","format-standard","has-post-thumbnail","hentry","category-destaque-da-semana","category-esporte","category-ultima-hora"],"_links":{"self":[{"href":"https:\/\/diarioregionaldigital.com.br\/index.php?rest_route=\/wp\/v2\/posts\/148484","targetHints":{"allow":["GET"]}}],"collection":[{"href":"https:\/\/diarioregionaldigital.com.br\/index.php?rest_route=\/wp\/v2\/posts"}],"about":[{"href":"https:\/\/diarioregionaldigital.com.br\/index.php?rest_route=\/wp\/v2\/types\/post"}],"author":[{"embeddable":true,"href":"https:\/\/diarioregionaldigital.com.br\/index.php?rest_route=\/wp\/v2\/users\/96"}],"replies":[{"embeddable":true,"href":"https:\/\/diarioregionaldigital.com.br\/index.php?rest_route=%2Fwp%2Fv2%2Fcomments&post=148484"}],"version-history":[{"count":0,"href":"https:\/\/diarioregionaldigital.com.br\/index.php?rest_route=\/wp\/v2\/posts\/148484\/revisions"}],"wp:featuredmedia":[{"embeddable":true,"href":"https:\/\/diarioregionaldigital.com.br\/index.php?rest_route=\/wp\/v2\/media\/148480"}],"wp:attachment":[{"href":"https:\/\/diarioregionaldigital.com.br\/index.php?rest_route=%2Fwp%2Fv2%2Fmedia&parent=148484"}],"wp:term":[{"taxonomy":"category","embeddable":true,"href":"https:\/\/diarioregionaldigital.com.br\/index.php?rest_route=%2Fwp%2Fv2%2Fcategories&post=148484"},{"taxonomy":"post_tag","embeddable":true,"href":"https:\/\/diarioregionaldigital.com.br\/index.php?rest_route=%2Fwp%2Fv2%2Ftags&post=148484"}],"curies":[{"name":"wp","href":"https:\/\/api.w.org\/{rel}","templated":true}]}}