{"id":148482,"date":"2019-09-26T17:43:56","date_gmt":"2019-09-26T20:43:56","guid":{"rendered":"https:\/\/diarioregionaldigital.com.br\/?p=148482"},"modified":"2019-09-26T17:43:56","modified_gmt":"2019-09-26T20:43:56","slug":"ana-satila-avanca-no-mundial-e-garante-brasil-em-toquio-no-k1","status":"publish","type":"post","link":"https:\/\/diarioregionaldigital.com.br\/?p=148482","title":{"rendered":"Ana S\u00e1tila avan\u00e7a no Mundial e garante Brasil em T\u00f3quio no K1"},"content":{"rendered":"<p>A brasileira Ana S\u00e1tila passou para a semifinal do Mundial de Canoagem Slalom no K1, o caiaque, nesta quinta (26). Mais do que a vaga na sequ\u00eancia da competi\u00e7\u00e3o, disputada na Espanha, ela garantiu para o pa\u00eds uma vaga nos Jogos Ol\u00edmpicos de T\u00f3quio 2020 na modalidade. Outros cinco brasileiros competiram, mas nenhum seguiu em frente.<\/p>\n<p>Ana S\u00e1tila precisou apenas da primeira descida para conseguir ficar entre as trinta atletas que est\u00e3o na semifinal. A vaga em T\u00f3quio foi confirmada porque apenas 18 pa\u00edses se mant\u00eam na disputa e s\u00e3o exatamente 18 vagas que o Mundial distribui no K1.<\/p>\n<p>Vale ressaltar que a vaga \u00e9 do pa\u00eds, e o atleta que a vai preencher sair\u00e1 de uma seletiva nacional. Apesar disso, \u00e9 bem prov\u00e1vel que ela mesma siga para a capital japonesa no ano que vem, j\u00e1 que quase n\u00e3o tem advers\u00e1rias por aqui. Ainda assim, a confirma\u00e7\u00e3o, ou n\u00e3o, vir\u00e1 somente ap\u00f3s a seletiva.<\/p>\n<p>&nbsp;<\/p>\n<p><strong>CAMINHO DA SEMIFINAL<\/strong><\/p>\n<p>Ana S\u00e1tila, atual campe\u00e3 mundial Sub-23 da canoagem slalom no C1 e no K1 Extemo, fez a primeira descida em 102s74, e teve quatro segundos acrescidos em seu tempo por conta de duas penalidades cometidas na parte final do trajeto. Fechou a participa\u00e7\u00e3o com 106s74, na 12\u00aa coloca\u00e7\u00e3o. As vinte primeiras passaram direto para a semi e as restantes foram para a segunda descida, uma esp\u00e9cie de repescagem.<\/p>\n<p>OmiraEst\u00e1cia e Mariana Costa foram as outras brasileiras que participaram no K1. Omira fechou a primeira descida com 114s21, j\u00e1 computados quatro segundos de penalidades, e terminou em 37\u00ba lugar. Na segunda registrou 118s18, o 34\u00ba lugar, e acabou eliminada.<\/p>\n<p>Mariana Costa computou quatro penalidades na primeira descida, somando oito segundos ao tempo final. Ficou com 129s redondos em 54\u00ba lugar. Na segunda passou limpa, em 119s29, 34\u00ba melhor tempo.<\/p>\n<p>Fonte: Olimp\u00edada Todo Dia<\/p>\n","protected":false},"excerpt":{"rendered":"<p>A brasileira Ana S\u00e1tila passou para a semifinal do Mundial de Canoagem Slalom no K1, o caiaque, nesta quinta (26). Mais do que a vaga na sequ\u00eancia da competi\u00e7\u00e3o, disputada na Espanha, ela garantiu para o pa\u00eds uma vaga nos Jogos Ol\u00edmpicos de T\u00f3quio 2020 na modalidade. Outros cinco brasileiros competiram, mas nenhum seguiu em [&hellip;]<\/p>\n","protected":false},"author":96,"featured_media":148479,"comment_status":"closed","ping_status":"closed","sticky":false,"template":"","format":"standard","meta":{"footnotes":""},"categories":[436,257,439],"tags":[],"class_list":["post-148482","post","type-post","status-publish","format-standard","has-post-thumbnail","hentry","category-destaque-da-semana","category-esporte","category-ultima-hora"],"_links":{"self":[{"href":"https:\/\/diarioregionaldigital.com.br\/index.php?rest_route=\/wp\/v2\/posts\/148482","targetHints":{"allow":["GET"]}}],"collection":[{"href":"https:\/\/diarioregionaldigital.com.br\/index.php?rest_route=\/wp\/v2\/posts"}],"about":[{"href":"https:\/\/diarioregionaldigital.com.br\/index.php?rest_route=\/wp\/v2\/types\/post"}],"author":[{"embeddable":true,"href":"https:\/\/diarioregionaldigital.com.br\/index.php?rest_route=\/wp\/v2\/users\/96"}],"replies":[{"embeddable":true,"href":"https:\/\/diarioregionaldigital.com.br\/index.php?rest_route=%2Fwp%2Fv2%2Fcomments&post=148482"}],"version-history":[{"count":0,"href":"https:\/\/diarioregionaldigital.com.br\/index.php?rest_route=\/wp\/v2\/posts\/148482\/revisions"}],"wp:featuredmedia":[{"embeddable":true,"href":"https:\/\/diarioregionaldigital.com.br\/index.php?rest_route=\/wp\/v2\/media\/148479"}],"wp:attachment":[{"href":"https:\/\/diarioregionaldigital.com.br\/index.php?rest_route=%2Fwp%2Fv2%2Fmedia&parent=148482"}],"wp:term":[{"taxonomy":"category","embeddable":true,"href":"https:\/\/diarioregionaldigital.com.br\/index.php?rest_route=%2Fwp%2Fv2%2Fcategories&post=148482"},{"taxonomy":"post_tag","embeddable":true,"href":"https:\/\/diarioregionaldigital.com.br\/index.php?rest_route=%2Fwp%2Fv2%2Ftags&post=148482"}],"curies":[{"name":"wp","href":"https:\/\/api.w.org\/{rel}","templated":true}]}}