{"id":148476,"date":"2019-09-26T17:41:48","date_gmt":"2019-09-26T20:41:48","guid":{"rendered":"https:\/\/diarioregionaldigital.com.br\/?p=148476"},"modified":"2019-09-26T17:41:48","modified_gmt":"2019-09-26T20:41:48","slug":"flamengo-bate-o-internacional-por-3-a-1-no-maracana","status":"publish","type":"post","link":"https:\/\/diarioregionaldigital.com.br\/?p=148476","title":{"rendered":"Flamengo bate o Internacional por 3 a 1, no Maracan\u00e3"},"content":{"rendered":"<p>Mais uma vit\u00f3ria! Em partida v\u00e1lida pela 21\u00aa rodada do Campeonato Brasileiro, o Meng\u00e3o venceu o Internacional por 3 a 1, nesta quarta-feira (25), no Maracan\u00e3. Com gols do artilheiro Gabigol, De Arrascaeta e Bruno Henrique, o Mais Querido emplacou o oitavo triunfo seguido na competi\u00e7\u00e3o, ampliando o seu recorde.<\/p>\n<p>&nbsp;<\/p>\n<p><strong>O JOGO<\/strong><\/p>\n<p>O Flamengo come\u00e7ou dominando o jogo e abriu o placar logo aos 19 minutos do primeiro tempo. Gabigol recebeu a bola e avan\u00e7ou livre para a \u00e1rea. O lateral Bruno, do Inter, chegou empurrando o artilheiro. O juiz marcou o p\u00eanalti e expulsou o jogador colorado. O camisa 9 rubro-negro foi para cobran\u00e7a e bateu firme no canto esquerdo de Lomba: 1 a 0 para o Meng\u00e3o. No decorrer do jogo, a equipe rubro-negra continuou com maior posse de bola e teve algumas oportunidades para ampliar o placar. No final da primeira etapa, o Inter ainda teve Guerrero expulso, deixando a equipe ga\u00facha com dois a menos em campo.<\/p>\n<p>Logo no in\u00edcio da etapa final, aos 4 minutos, Edenilson empatou para o Internacional: 1 a 1. O Meng\u00e3o n\u00e3o demorou muito tempo para passar \u00e0 frente novamente no placar. Aos 10\u2019, Rafinha cruzou na medida, Arrascaeta subiu entre os zagueiros e cabeceou a bola para o fundo das redes: 2 a 1 Fla. Aos 29\u2019, mais um gol do Mais Querido. Rafinha cruzou novamente para Arrascaeta, que ajeitou para Bruno Henrique empurrar para a rede. E ficou assim: 3 a 1 para o Rubro-Negro e festa da Na\u00e7\u00e3o no Maraca.<\/p>\n<p>&nbsp;<\/p>\n<p><strong>E AGORA?<\/strong><\/p>\n<p>Na pr\u00f3xima rodada do Brasileiro, o Flamengo enfrentar\u00e1 o S\u00e3o Paulo no s\u00e1bado (28), \u00e0s 19h, no Maracan\u00e3.<\/p>\n<p>&nbsp;<\/p>\n<p><strong>ESCALA\u00c7\u00c3O DO FLAMENGO<\/strong><\/p>\n<p>Diego Alves; Rafinha, Pablo Mar\u00ed, Rodrigo Caio, Filipe Lu\u00eds; W. Ar\u00e3o (Reinier), Gerson, Everton Ribeiro, De Arrascaeta (Vitinho); Bruno Henrique e Gabigol (Berr\u00edo).<\/p>\n<p>Fonte: Flamengo.com.br<\/p>\n","protected":false},"excerpt":{"rendered":"<p>Mais uma vit\u00f3ria! Em partida v\u00e1lida pela 21\u00aa rodada do Campeonato Brasileiro, o Meng\u00e3o venceu o Internacional por 3 a 1, nesta quarta-feira (25), no Maracan\u00e3. Com gols do artilheiro Gabigol, De Arrascaeta e Bruno Henrique, o Mais Querido emplacou o oitavo triunfo seguido na competi\u00e7\u00e3o, ampliando o seu recorde. &nbsp; O JOGO O Flamengo [&hellip;]<\/p>\n","protected":false},"author":96,"featured_media":148477,"comment_status":"closed","ping_status":"closed","sticky":false,"template":"","format":"standard","meta":{"footnotes":""},"categories":[436,257,439],"tags":[],"class_list":["post-148476","post","type-post","status-publish","format-standard","has-post-thumbnail","hentry","category-destaque-da-semana","category-esporte","category-ultima-hora"],"_links":{"self":[{"href":"https:\/\/diarioregionaldigital.com.br\/index.php?rest_route=\/wp\/v2\/posts\/148476","targetHints":{"allow":["GET"]}}],"collection":[{"href":"https:\/\/diarioregionaldigital.com.br\/index.php?rest_route=\/wp\/v2\/posts"}],"about":[{"href":"https:\/\/diarioregionaldigital.com.br\/index.php?rest_route=\/wp\/v2\/types\/post"}],"author":[{"embeddable":true,"href":"https:\/\/diarioregionaldigital.com.br\/index.php?rest_route=\/wp\/v2\/users\/96"}],"replies":[{"embeddable":true,"href":"https:\/\/diarioregionaldigital.com.br\/index.php?rest_route=%2Fwp%2Fv2%2Fcomments&post=148476"}],"version-history":[{"count":0,"href":"https:\/\/diarioregionaldigital.com.br\/index.php?rest_route=\/wp\/v2\/posts\/148476\/revisions"}],"wp:featuredmedia":[{"embeddable":true,"href":"https:\/\/diarioregionaldigital.com.br\/index.php?rest_route=\/wp\/v2\/media\/148477"}],"wp:attachment":[{"href":"https:\/\/diarioregionaldigital.com.br\/index.php?rest_route=%2Fwp%2Fv2%2Fmedia&parent=148476"}],"wp:term":[{"taxonomy":"category","embeddable":true,"href":"https:\/\/diarioregionaldigital.com.br\/index.php?rest_route=%2Fwp%2Fv2%2Fcategories&post=148476"},{"taxonomy":"post_tag","embeddable":true,"href":"https:\/\/diarioregionaldigital.com.br\/index.php?rest_route=%2Fwp%2Fv2%2Ftags&post=148476"}],"curies":[{"name":"wp","href":"https:\/\/api.w.org\/{rel}","templated":true}]}}