{"id":148475,"date":"2019-09-26T17:42:48","date_gmt":"2019-09-26T20:42:48","guid":{"rendered":"https:\/\/diarioregionaldigital.com.br\/?p=148475"},"modified":"2019-09-26T17:42:48","modified_gmt":"2019-09-26T20:42:48","slug":"fogao-perde-na-arena-fonte-nova-e-segue-com-27-pontos-no-brasileiro","status":"publish","type":"post","link":"https:\/\/diarioregionaldigital.com.br\/?p=148475","title":{"rendered":"Fog\u00e3o perde na Arena Fonte Nova e segue com 27 pontos no Brasileiro"},"content":{"rendered":"<p>O Botafogo foi a Salvador e acabou derrotado por 2 a 0 pelo Bahia, nesta quarta-feira, na Arena Fonte Nova. O time alvinegro foi prejudicado pela injusta expuls\u00e3o de Gilson e seguiu com 27 pontos no Campeonato Brasileiro.<\/p>\n<p>O pr\u00f3ximo advers\u00e1rio \u00e9 o Fortaleza, segunda-feira, na Arena Castel\u00e3o.<\/p>\n<p>&nbsp;<\/p>\n<p><strong>O JOGO<\/strong><\/p>\n<p>Um duelo definido no primeito tempo. Principalmente com por conta de uma expuls\u00e3o injusta de Gilson, aos 32 minutos. O Bahia, que vencia por 1 a 0, ficou com o jogo confort\u00e1vel para administrar.<\/p>\n<p>A primeira chance foi do time da casa, com cruzamento de Artur espalmado por Gatito. Do outro, o Botafogo quase marcou aos 12. Diego Souza lan\u00e7ou, o goleiro Douglas saiu da \u00e1rea e cortou de cabe\u00e7a, Lucas Campos tocou por cobertura e a zaga salvou em cima da linha.<\/p>\n<p>Em outras oportunidades, C\u00edcero cobrou falta por cima e Marcinho bateu cruzado para Douglas espalmar.<\/p>\n<p>Aos 23, por\u00e9m, saiu o gol do Bahia. Ap\u00f3s boa jogada de Mois\u00e9s, Artur aproveitou o cruzamento para marcar.<\/p>\n<p>Aos 32, veio o lance capital. Elber avan\u00e7ou em velocidade, Gilson se aproximou e n\u00e3o tocou, mas o \u00e1rbitro marcou falta e expulsou o lateral.<\/p>\n<p>Com um a mais, o Bahia teve oportunidade na cobran\u00e7a de falta, que Gilberto mandou para fora.<\/p>\n<p>No segundo tempo, Artur, Mois\u00e9s e Gilberto amea\u00e7aram o Botafogo, com finaliza\u00e7\u00f5es para fora.<\/p>\n<p>Aos 17, ap\u00f3s boa jogada de Artur, Elber aproveitou o cruzamento rasteiro para dar n\u00fameros finais \u00e0 partida.<\/p>\n<p>Fonte: Botafogo.com.br<\/p>\n","protected":false},"excerpt":{"rendered":"<p>O Botafogo foi a Salvador e acabou derrotado por 2 a 0 pelo Bahia, nesta quarta-feira, na Arena Fonte Nova. O time alvinegro foi prejudicado pela injusta expuls\u00e3o de Gilson e seguiu com 27 pontos no Campeonato Brasileiro. O pr\u00f3ximo advers\u00e1rio \u00e9 o Fortaleza, segunda-feira, na Arena Castel\u00e3o. &nbsp; O JOGO Um duelo definido no [&hellip;]<\/p>\n","protected":false},"author":96,"featured_media":148478,"comment_status":"closed","ping_status":"closed","sticky":false,"template":"","format":"standard","meta":{"footnotes":""},"categories":[436,257,439],"tags":[],"class_list":["post-148475","post","type-post","status-publish","format-standard","has-post-thumbnail","hentry","category-destaque-da-semana","category-esporte","category-ultima-hora"],"_links":{"self":[{"href":"https:\/\/diarioregionaldigital.com.br\/index.php?rest_route=\/wp\/v2\/posts\/148475","targetHints":{"allow":["GET"]}}],"collection":[{"href":"https:\/\/diarioregionaldigital.com.br\/index.php?rest_route=\/wp\/v2\/posts"}],"about":[{"href":"https:\/\/diarioregionaldigital.com.br\/index.php?rest_route=\/wp\/v2\/types\/post"}],"author":[{"embeddable":true,"href":"https:\/\/diarioregionaldigital.com.br\/index.php?rest_route=\/wp\/v2\/users\/96"}],"replies":[{"embeddable":true,"href":"https:\/\/diarioregionaldigital.com.br\/index.php?rest_route=%2Fwp%2Fv2%2Fcomments&post=148475"}],"version-history":[{"count":0,"href":"https:\/\/diarioregionaldigital.com.br\/index.php?rest_route=\/wp\/v2\/posts\/148475\/revisions"}],"wp:featuredmedia":[{"embeddable":true,"href":"https:\/\/diarioregionaldigital.com.br\/index.php?rest_route=\/wp\/v2\/media\/148478"}],"wp:attachment":[{"href":"https:\/\/diarioregionaldigital.com.br\/index.php?rest_route=%2Fwp%2Fv2%2Fmedia&parent=148475"}],"wp:term":[{"taxonomy":"category","embeddable":true,"href":"https:\/\/diarioregionaldigital.com.br\/index.php?rest_route=%2Fwp%2Fv2%2Fcategories&post=148475"},{"taxonomy":"post_tag","embeddable":true,"href":"https:\/\/diarioregionaldigital.com.br\/index.php?rest_route=%2Fwp%2Fv2%2Ftags&post=148475"}],"curies":[{"name":"wp","href":"https:\/\/api.w.org\/{rel}","templated":true}]}}