{"id":148473,"date":"2019-09-26T17:19:09","date_gmt":"2019-09-26T20:19:09","guid":{"rendered":"https:\/\/diarioregionaldigital.com.br\/?p=148473"},"modified":"2019-09-26T17:19:09","modified_gmt":"2019-09-26T20:19:09","slug":"inep-lancara-serie-de-conteudos-do-enem-em-libras","status":"publish","type":"post","link":"https:\/\/diarioregionaldigital.com.br\/?p=148473","title":{"rendered":"Inep lan\u00e7ar\u00e1 s\u00e9rie de conte\u00fados do Enem em Libras"},"content":{"rendered":"<p>O Instituto Nacional de Estudos e Pesquisas Educacionais An\u00edsio Teixeira (Inep) ir\u00e1 lan\u00e7ar uma s\u00e9rie de conte\u00fados em L\u00edngua Brasileira de Sinais (Libras) no\u00a0<a href=\"http:\/\/portal.inep.gov.br\/web\/guest\/educacao-basica\/enem\/enem-em-libras\" target=\"_blank\" rel=\"noopener\">portal<\/a>\u00a0e nas\u00a0<a href=\"https:\/\/www.youtube.com\/user\/inepimprensa\/playlists?view=50&amp;sort=dd&amp;shelf_id=4&amp;view_as=subscriber\" target=\"_blank\" rel=\"noopener\">redes sociais<\/a>\u00a0do instituto\u00a0para ajudar os estudantes a se prepararem para o Exame Nacional do Ensino M\u00e9dio (Enem) 2019.<\/p>\n<p>De acordo com o Inep, o conte\u00fado ser\u00e1 divulgado nos pr\u00f3ximos dias. Os participantes receber\u00e3o orienta\u00e7\u00f5es gerais para os dias de prova, o que levar e o que n\u00e3o levar, quais documentos de identifica\u00e7\u00e3o s\u00e3o aceitos, onde encontrar material de estudo em Libras, quais as principais datas do cronograma do Enem, onde e quando consultar o local de exame, e por que imprimir o Cart\u00e3o de Confirma\u00e7\u00e3o da Inscri\u00e7\u00e3o.<\/p>\n<p>O Inep tamb\u00e9m vai traduzir para Libras a Cartilha do Participante \u2013 Reda\u00e7\u00e3o no Enem 2019. O material estar\u00e1 dispon\u00edvel em breve, para todos os participantes, surdos ou n\u00e3o, e esclarece a metodologia e as compet\u00eancias avaliadas no texto. A cartilha em Libras\u00a0poder\u00e1 ser acessada no\u00a0<a href=\"https:\/\/www.youtube.com\/channel\/UCzcROM6Epqq7jC0hbElxCJg\" target=\"_blank\" rel=\"noopener\">canal do Inep, no YouTube<\/a>, onde j\u00e1 est\u00e3o dispon\u00edveis os v\u00eddeos das edi\u00e7\u00f5es passadas.<\/p>\n<h2>Enem em Libras<\/h2>\n<p>Desde 2017, o Inep passou a oferecer o Enem em formato de videoprova para atender \u00e0s necessidades dos participantes com defici\u00eancia auditiva e surdez que utilizam Libras como primeira l\u00edngua. Em 2018, foi lan\u00e7ada a\u00a0<a href=\"http:\/\/%20http\/\/enemvideolibras.inep.gov.br\/\" target=\"_blank\" rel=\"noopener\">Plataforma Videoprova em Libras<\/a>,\u00a0com os enunciados das quest\u00f5es e op\u00e7\u00f5es de respostas, em v\u00eddeo, al\u00e9m dos gabaritos da avalia\u00e7\u00e3o.<\/p>\n<p>As provas ser\u00e3o aplicadas este ano em 3 e\u00a010 de novembro. Os participantes que tiveram o atendimento especializado em Libras aprovado\u00a0ter\u00e3o tempo adicional para realizar a avalia\u00e7\u00e3o\u00a0de at\u00e9 2 horas por dia de prova.<\/p>\n<p>Fonte: Ag\u00eancia Brasil<\/p>\n","protected":false},"excerpt":{"rendered":"<p>O Instituto Nacional de Estudos e Pesquisas Educacionais An\u00edsio Teixeira (Inep) ir\u00e1 lan\u00e7ar uma s\u00e9rie de conte\u00fados em L\u00edngua Brasileira de Sinais (Libras) no\u00a0portal\u00a0e nas\u00a0redes sociais\u00a0do instituto\u00a0para ajudar os estudantes a se prepararem para o Exame Nacional do Ensino M\u00e9dio (Enem) 2019. De acordo com o Inep, o conte\u00fado ser\u00e1 divulgado nos pr\u00f3ximos dias. Os [&hellip;]<\/p>\n","protected":false},"author":96,"featured_media":97709,"comment_status":"closed","ping_status":"closed","sticky":false,"template":"","format":"standard","meta":{"footnotes":""},"categories":[302,436,439],"tags":[],"class_list":["post-148473","post","type-post","status-publish","format-standard","has-post-thumbnail","hentry","category-brasil-mundo","category-destaque-da-semana","category-ultima-hora"],"_links":{"self":[{"href":"https:\/\/diarioregionaldigital.com.br\/index.php?rest_route=\/wp\/v2\/posts\/148473","targetHints":{"allow":["GET"]}}],"collection":[{"href":"https:\/\/diarioregionaldigital.com.br\/index.php?rest_route=\/wp\/v2\/posts"}],"about":[{"href":"https:\/\/diarioregionaldigital.com.br\/index.php?rest_route=\/wp\/v2\/types\/post"}],"author":[{"embeddable":true,"href":"https:\/\/diarioregionaldigital.com.br\/index.php?rest_route=\/wp\/v2\/users\/96"}],"replies":[{"embeddable":true,"href":"https:\/\/diarioregionaldigital.com.br\/index.php?rest_route=%2Fwp%2Fv2%2Fcomments&post=148473"}],"version-history":[{"count":0,"href":"https:\/\/diarioregionaldigital.com.br\/index.php?rest_route=\/wp\/v2\/posts\/148473\/revisions"}],"wp:featuredmedia":[{"embeddable":true,"href":"https:\/\/diarioregionaldigital.com.br\/index.php?rest_route=\/wp\/v2\/media\/97709"}],"wp:attachment":[{"href":"https:\/\/diarioregionaldigital.com.br\/index.php?rest_route=%2Fwp%2Fv2%2Fmedia&parent=148473"}],"wp:term":[{"taxonomy":"category","embeddable":true,"href":"https:\/\/diarioregionaldigital.com.br\/index.php?rest_route=%2Fwp%2Fv2%2Fcategories&post=148473"},{"taxonomy":"post_tag","embeddable":true,"href":"https:\/\/diarioregionaldigital.com.br\/index.php?rest_route=%2Fwp%2Fv2%2Ftags&post=148473"}],"curies":[{"name":"wp","href":"https:\/\/api.w.org\/{rel}","templated":true}]}}