{"id":148459,"date":"2019-09-26T17:13:08","date_gmt":"2019-09-26T20:13:08","guid":{"rendered":"https:\/\/diarioregionaldigital.com.br\/?p=148459"},"modified":"2019-09-26T17:14:05","modified_gmt":"2019-09-26T20:14:05","slug":"ministros-dos-negocios-do-brics-defendem-mundo-de-paz-e-estabilidade","status":"publish","type":"post","link":"https:\/\/diarioregionaldigital.com.br\/?p=148459","title":{"rendered":"Ministros dos Neg\u00f3cios do Brics defendem mundo de paz e estabilidade"},"content":{"rendered":"<p>Ap\u00f3s sua reuni\u00e3o anual \u00e0 margem da 74\u00aa sess\u00e3o da Assembleia Geral das Na\u00e7\u00f5es Unidas (ONU), em Nova York, os ministros dos Neg\u00f3cios Estrangeiros e das Rela\u00e7\u00f5es Exteriores do Brics (Brasil, China, \u00c1frica do Sul, R\u00fassia e \u00cdndia) reafirmaram nessa quinta-feira (26) seu compromisso com um mundo de paz e estabilidade.<\/p>\n<p>\u201cEnfatizaram o papel central das Na\u00e7\u00f5es Unidas e seu compromisso de sustentar os prop\u00f3sitos e princ\u00edpios consagrados na Carta da ONU, de respeitar o direito internacional e de promover o desenvolvimento sustent\u00e1vel, a democracia, os direitos humanos e o Estado de Direito\u201d, diz o comunicado conjunto.<\/p>\n<p>Os chanceleres destacaram o enfoque especial dado este ano na Assembleia Geral das Na\u00e7\u00f5es Unidas ao tema do desenvolvimento sustent\u00e1vel. \u201cOs ministros reafirmaram seu compromisso com a Agenda 2030 para o Desenvolvimento Sustent\u00e1vel e pediram esfor\u00e7os redobrados para sua implementa\u00e7\u00e3o tempestiva\u201d, afirma a nota.<\/p>\n<p>Na segunda-feira (23), o secret\u00e1rio-geral da ONU, Ant\u00f3nio Guterres, abriu o Encontro de C\u00fapula sobre A\u00e7\u00e3o Clim\u00e1tica, em Nova York, destacando que o \u201ctempo est\u00e1 a acabar, mas ainda n\u00e3o \u00e9 tarde demais\u201d para promover mudan\u00e7as que levem \u00e0 sustentabilidade. O encontro reuniu mais de 80 l\u00edderes internacionais de governos, setor privado e da sociedade civil. Para\u00a0Guterres, n\u00e3o h\u00e1 mais tempo para conversas, mas sim para a\u00e7\u00e3o.<\/p>\n<p>Segundo o Itamaraty, os ministros tamb\u00e9m enfatizaram a necessidade de uma a\u00e7\u00e3o internacional mais efetiva sobre mudan\u00e7a do clima. \u201cReafirmaram o compromisso dos pa\u00edses do Brics com a plena implementa\u00e7\u00e3o do Acordo de Paris, adotado sob os princ\u00edpios da Conven\u00e7\u00e3o-Quadro das Na\u00e7\u00f5es Unidas sobre Mudan\u00e7a do Clima, incluindo os princ\u00edpios de responsabilidades comuns por\u00e9m diferenciadas e respectivas capacidades, \u00e0 luz de diferentes circunst\u00e2ncias nacionais\u201d.<\/p>\n<p>Ainda conforme a nota, os chanceleres instaram os pa\u00edses desenvolvidos a apoiar os pa\u00edses em desenvolvimento, \u201cinclusive honrando seus compromissos financeiros e a transfer\u00eancia de tecnologia, que s\u00e3o os fatores mais cr\u00edticos para possibilitar a a\u00e7\u00e3o contra a mudan\u00e7a do clima\u201d.<\/p>\n<h2>Seguran\u00e7a internacional<\/h2>\n<p>Os chanceleres manifestaram preocupa\u00e7\u00e3o com os cont\u00ednuos conflitos em v\u00e1rias regi\u00f5es do mundo, que comprometem a seguran\u00e7a e a estabilidade internacionais e reafirmaram seu compromisso com solu\u00e7\u00f5es pac\u00edficas por meios pol\u00edticos e pelo engajamento diplom\u00e1tico.<\/p>\n<p>\u201cOs ministros reiteraram sua forte condena\u00e7\u00e3o ao terrorismo em todas as suas formas e manifesta\u00e7\u00f5es em qualquer momento, em qualquer lugar e por quem quer que o tenha cometido\u201d, diz a nota. \u201cConclamaram esfor\u00e7os conjuntos para combater o terrorismo de acordo com o direito internacional e sob os ausp\u00edcios da ONU e enfatizaram a esse respeito a necessidade da pronta ado\u00e7\u00e3o de uma Conven\u00e7\u00e3o Abrangente sobre Terrorismo Internacional\u201d.<\/p>\n<p>Fonte: Ag\u00eancia Brasil<\/p>\n","protected":false},"excerpt":{"rendered":"<p>Ap\u00f3s sua reuni\u00e3o anual \u00e0 margem da 74\u00aa sess\u00e3o da Assembleia Geral das Na\u00e7\u00f5es Unidas (ONU), em Nova York, os ministros dos Neg\u00f3cios Estrangeiros e das Rela\u00e7\u00f5es Exteriores do Brics (Brasil, China, \u00c1frica do Sul, R\u00fassia e \u00cdndia) reafirmaram nessa quinta-feira (26) seu compromisso com um mundo de paz e estabilidade. \u201cEnfatizaram o papel central [&hellip;]<\/p>\n","protected":false},"author":96,"featured_media":148470,"comment_status":"closed","ping_status":"closed","sticky":false,"template":"","format":"standard","meta":{"footnotes":""},"categories":[302,436,439],"tags":[],"class_list":["post-148459","post","type-post","status-publish","format-standard","has-post-thumbnail","hentry","category-brasil-mundo","category-destaque-da-semana","category-ultima-hora"],"_links":{"self":[{"href":"https:\/\/diarioregionaldigital.com.br\/index.php?rest_route=\/wp\/v2\/posts\/148459","targetHints":{"allow":["GET"]}}],"collection":[{"href":"https:\/\/diarioregionaldigital.com.br\/index.php?rest_route=\/wp\/v2\/posts"}],"about":[{"href":"https:\/\/diarioregionaldigital.com.br\/index.php?rest_route=\/wp\/v2\/types\/post"}],"author":[{"embeddable":true,"href":"https:\/\/diarioregionaldigital.com.br\/index.php?rest_route=\/wp\/v2\/users\/96"}],"replies":[{"embeddable":true,"href":"https:\/\/diarioregionaldigital.com.br\/index.php?rest_route=%2Fwp%2Fv2%2Fcomments&post=148459"}],"version-history":[{"count":0,"href":"https:\/\/diarioregionaldigital.com.br\/index.php?rest_route=\/wp\/v2\/posts\/148459\/revisions"}],"wp:featuredmedia":[{"embeddable":true,"href":"https:\/\/diarioregionaldigital.com.br\/index.php?rest_route=\/wp\/v2\/media\/148470"}],"wp:attachment":[{"href":"https:\/\/diarioregionaldigital.com.br\/index.php?rest_route=%2Fwp%2Fv2%2Fmedia&parent=148459"}],"wp:term":[{"taxonomy":"category","embeddable":true,"href":"https:\/\/diarioregionaldigital.com.br\/index.php?rest_route=%2Fwp%2Fv2%2Fcategories&post=148459"},{"taxonomy":"post_tag","embeddable":true,"href":"https:\/\/diarioregionaldigital.com.br\/index.php?rest_route=%2Fwp%2Fv2%2Ftags&post=148459"}],"curies":[{"name":"wp","href":"https:\/\/api.w.org\/{rel}","templated":true}]}}