{"id":148450,"date":"2019-09-29T06:00:27","date_gmt":"2019-09-29T09:00:27","guid":{"rendered":"https:\/\/diarioregionaldigital.com.br\/?p=148450"},"modified":"2019-09-26T15:09:52","modified_gmt":"2019-09-26T18:09:52","slug":"ultimos-dias-para-os-juiz-foranos-escolherem-o-local-do-proximo-bem-comum-bairros","status":"publish","type":"post","link":"https:\/\/diarioregionaldigital.com.br\/?p=148450","title":{"rendered":"\u00daltimos dias para os juiz-foranos escolherem o local do pr\u00f3ximo &#8220;Bem Comum Bairros&#8221;"},"content":{"rendered":"<p>O prazo para os juiz-foranos escolher onde ser\u00e1 a pr\u00f3xima edi\u00e7\u00e3o do \u201cBem Comum Bairros\u201d, que desta vez contemplar\u00e1 as zonas central e oeste, j\u00e1 est\u00e1 acabando. A popula\u00e7\u00e3o tem at\u00e9 a pr\u00f3xima ter\u00e7a-feira, 1\u00ba de outurbo,para decidir, atrav\u00e9s do aplicativo Colab, entre os bairros Dom Bosco, Cai\u00e7aras, S\u00e3o Pedro e Maril\u00e2ndia. A enquete estar\u00e1 dispon\u00edvel at\u00e9 a data limite na plataforma digital gratuita Colab.<\/p>\n<p>Al\u00e9m de poder usar o celular, outra op\u00e7\u00e3o para votar \u00e9 acessar pelo computador, por meio do site www.colab.re e logar pelo Facebook, e-mail ou Cadastro de Pessoa F\u00edsica (CPF). A a\u00e7\u00e3o \u00e9 uma iniciativa da Prefeitura de Juiz de Fora (PJF) atrav\u00e9s da Secretaria de Comunica\u00e7\u00e3o P\u00fablica (Secom). O \u201cBem Comum Bairros\u201d busca chegar a todos os cantos da cidade, levando servi\u00e7os de diversas pastas da PJF, al\u00e9m da inclus\u00e3o de parceiros, para proporcionar uma semana de atividades mais pr\u00f3xima da comunidade.<\/p>\n<p>Conforme a PJF, em todos os bairros dispon\u00edveis nesta enquete moram fam\u00edlias em situa\u00e7\u00e3o de vulnerabilidade social, acompanhadas pela Secretaria de Desenvolvimento Social (SDS), atrav\u00e9s do Cadastro \u00danico (Cad\u00danico) do Governo federal.<\/p>\n<p>A edi\u00e7\u00e3o mais recente do projeto foi nas regi\u00f5es leste e sudeste, tendo como sede o Bairro Santo Ant\u00f4nio.<\/p>\n<p><strong>Colab<\/strong><\/p>\n<p>A ado\u00e7\u00e3o do Colab pela PJF foi atrav\u00e9s da \u201cGest\u00e3o Inteligente\u201d, nomeadotado na cidade no \u201cJuntos pelo Desenvolvimento Sustent\u00e1vel\u201d, programa liderado pela Comunitas e presente em mais de dez cidades no pa\u00eds. Seu objetivo \u00e9 a melhoria constante na presta\u00e7\u00e3o dos servi\u00e7os p\u00fablicos.<\/p>\n","protected":false},"excerpt":{"rendered":"<p>O prazo para os juiz-foranos escolher onde ser\u00e1 a pr\u00f3xima edi\u00e7\u00e3o do \u201cBem Comum Bairros\u201d, que desta vez contemplar\u00e1 as zonas central e oeste, j\u00e1 est\u00e1 acabando. A popula\u00e7\u00e3o tem at\u00e9 a pr\u00f3xima ter\u00e7a-feira, 1\u00ba de outurbo,para decidir, atrav\u00e9s do aplicativo Colab, entre os bairros Dom Bosco, Cai\u00e7aras, S\u00e3o Pedro e Maril\u00e2ndia. A enquete estar\u00e1 [&hellip;]<\/p>\n","protected":false},"author":96,"featured_media":148452,"comment_status":"closed","ping_status":"closed","sticky":false,"template":"","format":"standard","meta":{"footnotes":""},"categories":[253,436,440,439],"tags":[],"class_list":["post-148450","post","type-post","status-publish","format-standard","has-post-thumbnail","hentry","category-cidade","category-destaque-da-semana","category-destaques-do-dia","category-ultima-hora"],"_links":{"self":[{"href":"https:\/\/diarioregionaldigital.com.br\/index.php?rest_route=\/wp\/v2\/posts\/148450","targetHints":{"allow":["GET"]}}],"collection":[{"href":"https:\/\/diarioregionaldigital.com.br\/index.php?rest_route=\/wp\/v2\/posts"}],"about":[{"href":"https:\/\/diarioregionaldigital.com.br\/index.php?rest_route=\/wp\/v2\/types\/post"}],"author":[{"embeddable":true,"href":"https:\/\/diarioregionaldigital.com.br\/index.php?rest_route=\/wp\/v2\/users\/96"}],"replies":[{"embeddable":true,"href":"https:\/\/diarioregionaldigital.com.br\/index.php?rest_route=%2Fwp%2Fv2%2Fcomments&post=148450"}],"version-history":[{"count":0,"href":"https:\/\/diarioregionaldigital.com.br\/index.php?rest_route=\/wp\/v2\/posts\/148450\/revisions"}],"wp:featuredmedia":[{"embeddable":true,"href":"https:\/\/diarioregionaldigital.com.br\/index.php?rest_route=\/wp\/v2\/media\/148452"}],"wp:attachment":[{"href":"https:\/\/diarioregionaldigital.com.br\/index.php?rest_route=%2Fwp%2Fv2%2Fmedia&parent=148450"}],"wp:term":[{"taxonomy":"category","embeddable":true,"href":"https:\/\/diarioregionaldigital.com.br\/index.php?rest_route=%2Fwp%2Fv2%2Fcategories&post=148450"},{"taxonomy":"post_tag","embeddable":true,"href":"https:\/\/diarioregionaldigital.com.br\/index.php?rest_route=%2Fwp%2Fv2%2Ftags&post=148450"}],"curies":[{"name":"wp","href":"https:\/\/api.w.org\/{rel}","templated":true}]}}