{"id":148449,"date":"2019-09-29T06:00:24","date_gmt":"2019-09-29T09:00:24","guid":{"rendered":"https:\/\/diarioregionaldigital.com.br\/?p=148449"},"modified":"2019-09-26T15:12:10","modified_gmt":"2019-09-26T18:12:10","slug":"pism-2020-e-vestibular-de-musica-tem-inscritos-de-todas-as-regioes-do-pais","status":"publish","type":"post","link":"https:\/\/diarioregionaldigital.com.br\/?p=148449","title":{"rendered":"Pism 2020 e Vestibular de M\u00fasica t\u00eam inscritos de todas as regi\u00f5es do pa\u00eds"},"content":{"rendered":"<p>O Programa de Ingresso Seletivo Misto (Pism) da Universidade Federal de Juiz de Fora (UFJF) tem chamado a aten\u00e7\u00e3o de estudantes de todo o pa\u00eds. Na edi\u00e7\u00e3o deste ano, entre os 40.202 candidatos inscritos para o Pism e para o Vestibular de M\u00fasica, cerca de 72% s\u00e3o oriundos outras cidades al\u00e9m de Juiz de Fora e Governadores Valadares, onde a universidade tem seus campi.<\/p>\n<p>Do total de inscritos no Pism e no Vestibular de M\u00fasica, 11.225 vivem em Juiz de Fora ou em Governador Valadares e 28.977 s\u00e3o de fora. Divididos por regi\u00f5es, 28.850 s\u00e3o oriundos de outras cidades do Sudeste do pa\u00eds, 64 candidatos do Centro-Oeste; 60 do Nordeste; 27 do Norte e 13 do Sul. De outras cidades de Minas Gerais vem a maioria dos candidatos: 17.859.<\/p>\n<div id=\"attachment_148456\" style=\"width: 452px\" class=\"wp-caption aligncenter\"><img loading=\"lazy\" decoding=\"async\" aria-describedby=\"caption-attachment-148456\" class=\" wp-image-148456\" src=\"https:\/\/diarioregionaldigital.com.br\/wp-content\/uploads\/2019\/09\/01-ARTE-UFJF-300x300.png\" alt=\"\" width=\"442\" height=\"442\" srcset=\"https:\/\/diarioregionaldigital.com.br\/wp-content\/uploads\/2019\/09\/01-ARTE-UFJF-300x300.png 300w, https:\/\/diarioregionaldigital.com.br\/wp-content\/uploads\/2019\/09\/01-ARTE-UFJF-150x150.png 150w, https:\/\/diarioregionaldigital.com.br\/wp-content\/uploads\/2019\/09\/01-ARTE-UFJF-180x180.png 180w, https:\/\/diarioregionaldigital.com.br\/wp-content\/uploads\/2019\/09\/01-ARTE-UFJF-600x600.png 600w, https:\/\/diarioregionaldigital.com.br\/wp-content\/uploads\/2019\/09\/01-ARTE-UFJF-120x120.png 120w, https:\/\/diarioregionaldigital.com.br\/wp-content\/uploads\/2019\/09\/01-ARTE-UFJF-360x360.png 360w, https:\/\/diarioregionaldigital.com.br\/wp-content\/uploads\/2019\/09\/01-ARTE-UFJF-80x80.png 80w, https:\/\/diarioregionaldigital.com.br\/wp-content\/uploads\/2019\/09\/01-ARTE-UFJF.png 630w\" sizes=\"auto, (max-width: 442px) 100vw, 442px\" \/><p id=\"caption-attachment-148456\" class=\"wp-caption-text\">Arte: UFJF<\/p><\/div>\n<p><strong>Expectativas<\/strong><\/p>\n<p>Vinda do sul de Minas, da cidade de Caxambu, a estudante Clara \u00c1gata Fernandes dos Santos, 16 anos, est\u00e1 empenhada para realizar as provas do M\u00f3dulo II do Pism. Interessada no curso de Medicina,conheceuo campus, algumas das unidades acad\u00eamicas e os recursos oferecidos aos alunos para ingresso e perman\u00eancia na Institui\u00e7\u00e3o, durante a participa\u00e7\u00e3o no\u00a0<a href=\"https:\/\/www2.ufjf.br\/ufjf\/contato\/visiteocampus\/\">Programa de Visitas<\/a>. \u201cPensei em fazer o Pism, pois desde o primeiro ano do ensino m\u00e9dio meu objetivo era ingressar na UFJF.\u201d<\/p>\n<p>Clara conta os motivos de ter escolhido a UFJF. \u201cAcho a cidade muito boa e tenho boas informa\u00e7\u00f5es sobre a Faculdade de Medicina. N\u00e3o conhecia os aux\u00edlios disponibilizados pela Universidade, mas fiquei feliz em saber das oportunidades de apoio aos estudantes. As expectativas s\u00e3o bem altas.\u201d<\/p>\n<p>Entre os 226 estudantes oriundos de Barra do Pira\u00ed que pretendem uma vaga em um dos cursos da UFJF, est\u00e1 Sofia Oliveira. Natural do estado fluminense, a adolescente de 16 anos est\u00e1 inscrita para participar do primeiro m\u00f3dulo do Pism. Ela est\u00e1 em d\u00favida entre as gradua\u00e7\u00f5es de Jornalismo e de Direito e conta que a escolha dos cursos se deu por gostar de ler, escrever e argumentar. \u201cPretendo prestar o vestibular seriado da UFJF por ser relativamente perto da minha cidade. Al\u00e9m disso, tenho \u00f3timas informa\u00e7\u00f5es e recomenda\u00e7\u00f5es sobre a Universidade. Se passar, minha expectativa \u00e9 morar em Juiz de Fora, mas depois pensar alto e ir para centros urbanos maiores.\u201d<\/p>\n<p>&nbsp;<\/p>\n<p><strong>Regionalidade<\/strong><\/p>\n<p>Vindo de uma cidade pr\u00f3xima a Juiz de Fora, com uma dist\u00e2ncia aproximada de 64 km, Matheus Eduardo \u00e9 natural de S\u00e3o Jo\u00e3o Nepomuceno. Tem interesse nas faculdades relacionadas \u00e0s \u00e1reas de humanidades e conheceu as possibilidades oferecidas pela UFJF. \u201cAcho que tenho me preparado bem e pretendo seguir o mesmo ritmo nos tr\u00eas anos. O Pism nos ajuda muito, pois fazemos as provas ao final de cada ano letivo e apenas com mat\u00e9rias aprendidas naquele per\u00edodo. Isso diferencia muito o Pism de outros vestibulares. \u00c9 o meio mais f\u00e1cil e com menor concorr\u00eancia de ter acesso a uma universidade federal de qualidade.\u201d<\/p>\n<p>&nbsp;<\/p>\n<p><strong>Oportunidades iguais<\/strong><\/p>\n<p>Entre os principais objetivos da UFJF, est\u00e3o a busca em oferecer oportunidades iguais de ingresso para os estudantes e acolher os aprovados para perman\u00eancia e conclus\u00e3o do ensino superior. A pr\u00f3-reitora de Gradua\u00e7\u00e3o, Maria Carmem de Melo, explica que o empenho universit\u00e1rio \u00e9 cuidar das quest\u00f5es relativas ao ingresso estudantil, respeitando as caracter\u00edsticas espec\u00edficas de cada aluno. \u201cConseguimos avan\u00e7ar muito na pol\u00edtica de ingresso, resguardando os discentes por meio da reserva de vagas e das pol\u00edticas de apoio e condi\u00e7\u00f5es especiais. Nosso trabalho \u00e9 acolher, apoiar e oferecer uma educa\u00e7\u00e3o de qualidade, promovendo metodologias did\u00e1ticas dentro e fora das salas de aula e fortalecer o ensino.\u201d<\/p>\n<p>As provas do Pism ser\u00e3o realizadas nos dias 30 de novembro e 1\u00ba de dezembro, em cinco cidades.<\/p>\n<p>&nbsp;<\/p>\n<p><strong>Recorde de inscri\u00e7\u00f5es<\/strong><\/p>\n<p>Com o total de 40.200 inscritos, o Programa de Ingresso Seletivo Misto (Pism) 2020e o Vestibular de M\u00fasica da Universidade Federal de Juiz de Fora (UFJF) atingiram novo recorde. Conforme a UFJF, em rela\u00e7\u00e3o \u00e0 \u00faltima edi\u00e7\u00e3o, quando os processos seletivos tiveram 34.862 candidatos, o n\u00famero representa 5.338 estudantes a mais, o que significa um aumento de procura superior a 15%.<\/p>\n<p>Agora os candidatos aguardam a emiss\u00e3o do comprovante definitivo de inscri\u00e7\u00e3o, que estar\u00e1 dispon\u00edvel na \u00c1rea do Candidato, a partir das 15h do dia 19 de novembro at\u00e9 as 12h do dia 1\u00ba de dezembro.<\/p>\n<p>As provas ser\u00e3o aplicadas nos dias 30 de novembro e 1\u00ba de dezembro de 2019. Os port\u00f5es ser\u00e3o fechados impreterivelmente \u00e0s 13h, n\u00e3o sendo admitidos retardat\u00e1rios. O candidato deve permanecer no local de prova, pelo menos, durante uma hora e meia ap\u00f3s o in\u00edcio. Em nenhuma hip\u00f3tese haver\u00e1 segunda chamada de provas. Ao final do exame, os candidatos poder\u00e3o levar para casa o caderno de provas. De acordo com a UFJF, cada concorrente receber\u00e1 um caderno de provas, com as quest\u00f5es a serem respondidas, e uma folha de respostas, em separado, com espa\u00e7o para as quest\u00f5es de m\u00faltipla escolha e para as perguntas discursivas. A institui\u00e7\u00e3o alerta que os candidatos que possuem carteira de identidade infantil devem atualizar o documento para apresenta\u00e7\u00e3o no momento da prova.<\/p>\n<p>A UFJF ainda informa que nesta edi\u00e7\u00e3o do Pism, os candidatos est\u00e3o proibidos de entrar nos locais de prova com l\u00e1pis. As provas devem ser feitas integralmente com caneta preta ou azul. A inten\u00e7\u00e3o \u00e9 evitar que os candidatos fa\u00e7am parte da prova a l\u00e1pis e n\u00e3o tenham as respostas corrigidas.<\/p>\n<p>&nbsp;<\/p>\n<p>Fonte: UFJF<\/p>\n","protected":false},"excerpt":{"rendered":"<p>O Programa de Ingresso Seletivo Misto (Pism) da Universidade Federal de Juiz de Fora (UFJF) tem chamado a aten\u00e7\u00e3o de estudantes de todo o pa\u00eds. Na edi\u00e7\u00e3o deste ano, entre os 40.202 candidatos inscritos para o Pism e para o Vestibular de M\u00fasica, cerca de 72% s\u00e3o oriundos outras cidades al\u00e9m de Juiz de Fora [&hellip;]<\/p>\n","protected":false},"author":96,"featured_media":148451,"comment_status":"closed","ping_status":"closed","sticky":false,"template":"","format":"standard","meta":{"footnotes":""},"categories":[253,436,440,439],"tags":[],"class_list":["post-148449","post","type-post","status-publish","format-standard","has-post-thumbnail","hentry","category-cidade","category-destaque-da-semana","category-destaques-do-dia","category-ultima-hora"],"_links":{"self":[{"href":"https:\/\/diarioregionaldigital.com.br\/index.php?rest_route=\/wp\/v2\/posts\/148449","targetHints":{"allow":["GET"]}}],"collection":[{"href":"https:\/\/diarioregionaldigital.com.br\/index.php?rest_route=\/wp\/v2\/posts"}],"about":[{"href":"https:\/\/diarioregionaldigital.com.br\/index.php?rest_route=\/wp\/v2\/types\/post"}],"author":[{"embeddable":true,"href":"https:\/\/diarioregionaldigital.com.br\/index.php?rest_route=\/wp\/v2\/users\/96"}],"replies":[{"embeddable":true,"href":"https:\/\/diarioregionaldigital.com.br\/index.php?rest_route=%2Fwp%2Fv2%2Fcomments&post=148449"}],"version-history":[{"count":0,"href":"https:\/\/diarioregionaldigital.com.br\/index.php?rest_route=\/wp\/v2\/posts\/148449\/revisions"}],"wp:featuredmedia":[{"embeddable":true,"href":"https:\/\/diarioregionaldigital.com.br\/index.php?rest_route=\/wp\/v2\/media\/148451"}],"wp:attachment":[{"href":"https:\/\/diarioregionaldigital.com.br\/index.php?rest_route=%2Fwp%2Fv2%2Fmedia&parent=148449"}],"wp:term":[{"taxonomy":"category","embeddable":true,"href":"https:\/\/diarioregionaldigital.com.br\/index.php?rest_route=%2Fwp%2Fv2%2Fcategories&post=148449"},{"taxonomy":"post_tag","embeddable":true,"href":"https:\/\/diarioregionaldigital.com.br\/index.php?rest_route=%2Fwp%2Fv2%2Ftags&post=148449"}],"curies":[{"name":"wp","href":"https:\/\/api.w.org\/{rel}","templated":true}]}}