{"id":148445,"date":"2019-09-26T14:20:54","date_gmt":"2019-09-26T17:20:54","guid":{"rendered":"https:\/\/diarioregionaldigital.com.br\/?p=148445"},"modified":"2019-09-26T14:31:10","modified_gmt":"2019-09-26T17:31:10","slug":"audiencia-publica-e-marcada-por-cobrancas-ao-governo-do-estado-e-melhoria-na-gestao-do-municipio","status":"publish","type":"post","link":"https:\/\/diarioregionaldigital.com.br\/?p=148445","title":{"rendered":"Audi\u00eancia P\u00fablica \u00e9 marcada por cobran\u00e7as ao Governo do Estado e melhoria na gest\u00e3o do munic\u00edpio"},"content":{"rendered":"<p>&#8220;O SUS \u00e9 o melhor plano de sa\u00fade do mundo. Ele tem problema, mas temos que brigar por ele&#8221;. Com o plen\u00e1rio lotado e 17 inscritos da comunidade para pronunciamentos, a C\u00e2mara promoveu uma audi\u00eancia p\u00fablica sobre as condi\u00e7\u00f5es da sa\u00fade em Juiz de Fora. Proposta pelos vereadores Andr\u00e9 Mariano (PSC), J\u00falio Obama Jr. (PHS) e\u00a0 Luiz Ot\u00e1vio Fernandes Coelho (Pardal &#8211; PTC), a audi\u00eancia apontou, principalmente, para a falta de repasses do Governo do Estado, as condi\u00e7\u00f5es das UBS, a contrata\u00e7\u00e3o de m\u00e9dicos, a distribui\u00e7\u00e3o de medicamentos e os problemas de comunica\u00e7\u00e3o com a secret\u00e1ria de sa\u00fade. O vereador Dr. Adriano Miranda (PHS), membro\u00a0da Comiss\u00e3o de Sa\u00fade, destacou o descontentamento com a aus\u00eancia do Minist\u00e9rio P\u00fablico e o dever da entidade em garantir a efetividade do direito \u00e0 sa\u00fade. Por isso, pediu que seja marcada uma reuni\u00e3o com o promotor de sa\u00fade, a Prefeitura, a Comiss\u00e3o de Sa\u00fade da C\u00e2mara e a Procuradoria do Munic\u00edpio. Outra quest\u00e3o central foi o uso dos recursos das emendas parlamentares enviadas \u00e0 sa\u00fade em Juiz de Fora pela deputada Margarida Salom\u00e3o (PT).<\/p>\n<p>O vereador Obama questionou a viabilidade de haver o retorno dos atendimentos pelo SUS no Hospital Maternidade Therezinha de Jesus (HMTJ) e reclamou do n\u00e3o atendimento das informa\u00e7\u00f5es legais pedidas pelos vereadores \u00e0 secretaria de sa\u00fade. De acordo com ele, &#8220;um pedido de informa\u00e7\u00e3o de mar\u00e7o de 2019 que ainda n\u00e3o foi respondido e atrapalha o papel de fiscaliza\u00e7\u00e3o do vereador&#8221;. Sobre a Maternidade, a ouvidora da Sa\u00fade, Samantha Borchear, apresentou dados de que a troca da Maternidade pelo Hospital Universit\u00e1rio para atendimentos pelo SUS \u201cresultou na diminui\u00e7\u00e3o dr\u00e1stica da oferta de exames\u201d. O secret\u00e1rio de sa\u00fade, M\u00e1rcio Itabora\u00ed,\u00a0 explicou que &#8220;o HU se prontificou a atender quando o contrato com o HMTJ acabou, no carnaval de 2018. J\u00e1 est\u00e1 marcada uma reuni\u00e3o com eles. E s\u00f3 tomamos a atitude de irmos para o HU porque fomos pressionados pela Procuradoria Federal por causa do contrato. Foi determinada agora uma portaria para poder resolver&#8221;.<\/p>\n<p>O vereador Pardal, tamb\u00e9m presidente do Legislativo, abriu a audi\u00eancia p\u00fablica com perguntas relacionadas aos servi\u00e7os oncol\u00f3gicos, atendimentos ortop\u00e9dicos no HPS, pediatria, material para medi\u00e7\u00e3o de glicose, falta de farmac\u00eauticos em algumas UBS para distribui\u00e7\u00e3o de medicamentos, n\u00fameros de cirurgias feitas no Hospital Jo\u00e3o Fel\u00edcio, n\u00famero de profissionais, reformas nas UBS e as a\u00e7\u00f5es previstas para 2020. Os vereadores Sargento Mello Casal (PTB) e Nilton Milit\u00e3o (PTC) ressaltaram, respectivamente, a aus\u00eancia de listagem nas UBS de S\u00e3o Pedro, Santa Luzia e Norte para que a popula\u00e7\u00e3o acompanhe e fiscalize a presen\u00e7a dos profissionais e o recebimento das verbas de 15% no munic\u00edpio que s\u00e3o incapazes de suprir as necessidades da cidade e sobrecarrega a Prefeitura e prejudica a popula\u00e7\u00e3o. J\u00e1 a vereadora Ana do Pde. Frederico (MDB) apontou a necessidade de mais autonomia da secretaria de sa\u00fade para otimizar a gest\u00e3o da sa\u00fade.<\/p>\n<p>M\u00e1rcio Itabora\u00ed respondeu que a falta de profissionais est\u00e1 nas din\u00e2micas legais da convoca\u00e7\u00e3o dos concursados. A secretaria explica que quando h\u00e1 a convoca\u00e7\u00e3o \u00e9 preciso dispensar o profissional em atividade. Mas h\u00e1 demora entre a convoca\u00e7\u00e3o e o exerc\u00edcio. Al\u00e9m das desist\u00eancias. \u201cDos 273 ficaram 27 m\u00e9dicos. Sobre outros questionamentos, Itabora\u00ed explicou numa \u00fanica fala que \u201ca ortopedia \u00e9 feita com parceiros, temos tr\u00eas e preenchemos com os concursados. A cirurgia pedi\u00e1trica \u00e9 referenciada no Hospital Regional Jo\u00e3o Penido, h\u00e1 alguns anos o estado n\u00e3o atrasava o repasse e agora h\u00e1 atrasos. A ideia da regionaliza\u00e7\u00e3o dos farmac\u00eauticos \u00e9 muito boa. Mas h\u00e1 press\u00e3o de que tenhamos um em cada UBS. J\u00e1 sobre as cirurgias no Jo\u00e3o Fel\u00edcio n\u00e3o tenho esse n\u00famero aqui comigo\u201d. Itabora\u00ed apresentou a proposta do Ronda Sus, mas que n\u00e3o h\u00e1 verba suficiente, embora, de acordo com ele, a ideia seja excelente. \u201cMas n\u00e3o temos como atender com carros e motoristas\u201d. Pela sugest\u00e3o, a Guarda Municipal passaria pelos pontos de pronto atendimento.<\/p>\n<p>Uma tem\u00e1tica constante durante a audi\u00eancia foi a aus\u00eancia de repasses do Governo do Estado. Sobre isso, o\u00a0 secret\u00e1rio executivo do Conselho Municipal de Sa\u00fade, Jorge Ramos, apresentou, inclusive, a proposta de repassar a responsabilidade da sa\u00fade, exceto da aten\u00e7\u00e3o b\u00e1sica, para o Estado. \u201cQuer dar um susto no Governo do Estado? Devolve a gest\u00e3o plena do munic\u00edpio para o Estado e fica s\u00f3 com a aten\u00e7\u00e3o prim\u00e1ria. Assim eles v\u00e3o dar aten\u00e7\u00e3o para Juiz de Fora\u201d. Sobre a falta dos repasses, o vereador Kennedy Ribeiro (MDB) sugeriu que parte das emendas dos vereadores seja usada para as fitas glic\u00eamicas, problema relatado por um dos cidad\u00e3os e cuja resposta a secret\u00e1ria de sa\u00fade justificou pela aus\u00eancia de recursos dos repasses do estado.<\/p>\n<p>O vereador Juraci (PT) lembrou sobre os 30% das emendas que ser\u00e3o destinadas \u00e0s sa\u00fade do munic\u00edpio. &#8220;O SUS \u00e9 o melhor plano de sa\u00fade do mundo. Ele tem problema mas temos que brigar por ele e usar com clareza e presteza os recursos. Discutir o uso desses recursos \u00e9 fundamental&#8221;. Com o mesmo discurso, o vereador Ant\u00f4nio Aguiar (MDB) enfatizou que \u201cmesmo com todas as dificuldades precisamos ter muito cuidado com o SUS porque n\u00e3o podemos perder e nem desistir. O SUS \u00e9 pra que tem fibra, vontade e respeito \u00e0 vida humana\u201d.<\/p>\n<p>&nbsp;<\/p>\n<p><u><strong>Algumas propostas dos vereadores<\/strong><\/u><\/p>\n<ul>\n<li><strong>campanha educativas para que a popula\u00e7\u00e3o entenda os atendimentos e os locais para cada um.<\/strong><\/li>\n<li><strong>regulamentar a lei da farm\u00e1cia popular para a doa\u00e7\u00e3o de medicamentos.<\/strong><\/li>\n<li><strong>aplica\u00e7\u00e3o de parte das verbas dos vereadores para a compra de fitas glic\u00eamicas.<\/strong><\/li>\n<li><strong>ter uma lista de medicamentos dispon\u00edveis para farmac\u00eauticos e popula\u00e7\u00e3o.<\/strong><\/li>\n<li><strong>debate maior com os m\u00e9dicos do legislativo.<\/strong><\/li>\n<\/ul>\n<p>&nbsp;<\/p>\n<p><u><strong>Algumas propostas do Conselho de sa\u00fade<\/strong><\/u><\/p>\n<ul>\n<li><strong>Autonomia administrativa financeira e de planejamento para a secretaria de sa\u00fade.<\/strong><\/li>\n<li><strong>Ampliar o quadro de agentes comunit\u00e1rios.<\/strong><\/li>\n<\/ul>\n<p>&nbsp;<\/p>\n<p><u><strong>Proposta da comunidade<\/strong><\/u><\/p>\n<ul>\n<li><strong>call center para marca\u00e7\u00e3o de consultas.<\/strong><\/li>\n<li><strong>verificar a capacidade da UBS de S\u00e3o Pedro que n\u00e3o se transformou na propor\u00e7\u00e3o em que o bairro cresceu.\u00a0<\/strong><\/li>\n<li><strong>convocar os conselheiros para reuni\u00f5es.<\/strong><\/li>\n<li><strong>Investir para salvar o PAM Marechal.<\/strong><\/li>\n<\/ul>\n<p>Fonte: CMJF<\/p>\n","protected":false},"excerpt":{"rendered":"<p>&#8220;O SUS \u00e9 o melhor plano de sa\u00fade do mundo. Ele tem problema, mas temos que brigar por ele&#8221;. Com o plen\u00e1rio lotado e 17 inscritos da comunidade para pronunciamentos, a C\u00e2mara promoveu uma audi\u00eancia p\u00fablica sobre as condi\u00e7\u00f5es da sa\u00fade em Juiz de Fora. Proposta pelos vereadores Andr\u00e9 Mariano (PSC), J\u00falio Obama Jr. (PHS) [&hellip;]<\/p>\n","protected":false},"author":96,"featured_media":148446,"comment_status":"closed","ping_status":"closed","sticky":false,"template":"","format":"standard","meta":{"footnotes":""},"categories":[253,436,440,439],"tags":[],"class_list":["post-148445","post","type-post","status-publish","format-standard","has-post-thumbnail","hentry","category-cidade","category-destaque-da-semana","category-destaques-do-dia","category-ultima-hora"],"_links":{"self":[{"href":"https:\/\/diarioregionaldigital.com.br\/index.php?rest_route=\/wp\/v2\/posts\/148445","targetHints":{"allow":["GET"]}}],"collection":[{"href":"https:\/\/diarioregionaldigital.com.br\/index.php?rest_route=\/wp\/v2\/posts"}],"about":[{"href":"https:\/\/diarioregionaldigital.com.br\/index.php?rest_route=\/wp\/v2\/types\/post"}],"author":[{"embeddable":true,"href":"https:\/\/diarioregionaldigital.com.br\/index.php?rest_route=\/wp\/v2\/users\/96"}],"replies":[{"embeddable":true,"href":"https:\/\/diarioregionaldigital.com.br\/index.php?rest_route=%2Fwp%2Fv2%2Fcomments&post=148445"}],"version-history":[{"count":0,"href":"https:\/\/diarioregionaldigital.com.br\/index.php?rest_route=\/wp\/v2\/posts\/148445\/revisions"}],"wp:featuredmedia":[{"embeddable":true,"href":"https:\/\/diarioregionaldigital.com.br\/index.php?rest_route=\/wp\/v2\/media\/148446"}],"wp:attachment":[{"href":"https:\/\/diarioregionaldigital.com.br\/index.php?rest_route=%2Fwp%2Fv2%2Fmedia&parent=148445"}],"wp:term":[{"taxonomy":"category","embeddable":true,"href":"https:\/\/diarioregionaldigital.com.br\/index.php?rest_route=%2Fwp%2Fv2%2Fcategories&post=148445"},{"taxonomy":"post_tag","embeddable":true,"href":"https:\/\/diarioregionaldigital.com.br\/index.php?rest_route=%2Fwp%2Fv2%2Ftags&post=148445"}],"curies":[{"name":"wp","href":"https:\/\/api.w.org\/{rel}","templated":true}]}}