{"id":148442,"date":"2019-09-26T14:27:35","date_gmt":"2019-09-26T17:27:35","guid":{"rendered":"https:\/\/diarioregionaldigital.com.br\/?p=148442"},"modified":"2019-09-26T14:27:35","modified_gmt":"2019-09-26T17:27:35","slug":"defesa-civil-traca-planejamento-estrategico-com-33-metas","status":"publish","type":"post","link":"https:\/\/diarioregionaldigital.com.br\/?p=148442","title":{"rendered":"Defesa Civil tra\u00e7a planejamento estrat\u00e9gico com 33 metas"},"content":{"rendered":"<p>Na quarta-feira, 25, a equipe de engenheiros da Defesa Civil apresentou o planejamento do \u00f3rg\u00e3o ao prefeito Ant\u00f4nio Almas. S\u00e3o 33 metas divididas nos n\u00edveis estrat\u00e9gico, operacional e t\u00e1tico, para serem cumpridas a curto, m\u00e9dio e longo prazo. Entre elas est\u00e1 o desenvolvimento de mapas tem\u00e1ticos georreferenciados para detalhamento de \u00e1rea de risco; a atualiza\u00e7\u00e3o de banco de dados, para an\u00e1lise de amea\u00e7as e preven\u00e7\u00e3o a acidentes e desastres; a instala\u00e7\u00e3o, amplia\u00e7\u00e3o e divulga\u00e7\u00e3o do sistema de alerta e alarme, para monitoriza\u00e7\u00e3o das situa\u00e7\u00f5es de risco; a formaliza\u00e7\u00e3o de conv\u00eanios e parcerias com institui\u00e7\u00f5es de ensino superior; e a atualiza\u00e7\u00e3o do plano de conting\u00eancia, entre outros.<\/p>\n<p>&#8220;\u00c9 preciso se organizar e ter estrutura. Fico satisfeito como o processo est\u00e1 sendo encaminhado, para um trabalho mais efetivo no planejamento. V\u00e1rios fatores t\u00eam influ\u00eancia no cumprimento das metas. Agrade\u00e7o o empenho de voc\u00eas. Como servidores, temos compromisso com a cidade. E \u00e9 importante ter uma estrutura de pessoal que planeja a longo prazo&#8221;, avaliou Ant\u00f4nio Almas.<\/p>\n<div style=\"width: 870px\" class=\"wp-caption aligncenter\"><img loading=\"lazy\" decoding=\"async\" src=\"https:\/\/www.pjf.mg.gov.br\/noticias\/arquivo\/2609_pjf_defesa_release_gv_1_104602.jpg\" alt=\"Portal de Not\u00edcias PJF | Defesa Civil tra\u00e7a planejamento estrat\u00e9gico com 33 metas | DEFESA CIVIL - 26\/9\/2019\" width=\"860\" height=\"520\" \/><p class=\"wp-caption-text\">Foto: Gil Velloso<\/p><\/div>\n<p>No material, al\u00e9m das metas, s\u00e3o definidos prazos, or\u00e7amento (quando necess\u00e1rio), resultados esperados e atores envolvidos, al\u00e9m de estar estabelecido quem \u00e9 o respons\u00e1vel por desenvolver cada ponto. &#8220;O trabalho foi em conjunto com toda a equipe, onde cada engenheiro tem suas metas a serem cumpridas, tornando nossa integra\u00e7\u00e3o ainda maior&#8221;, ressaltou o subsecret\u00e1rio de Defesa Civil, Jefferson Rodrigues.<\/p>\n<p>A iniciativa foi proposta pelo secret\u00e1rio de Seguran\u00e7a P\u00fablica e Cidadania, Jos\u00e9 S\u00f3ter de Figueir\u00f4a, que tamb\u00e9m estava na apresenta\u00e7\u00e3o, e \u00e9 respons\u00e1vel por algumas metas, baseadas no m\u00e9todo \u201cSwot\u201d, sigla em ingl\u00eas para \u201cfor\u00e7as\u201d (strengths), \u201cfraquezas\u201d (weakness), \u201coportunidades\u201d (opportunities) e \u201camea\u00e7as\u201d (threats).<\/p>\n<p>Fonte: PJF<\/p>\n","protected":false},"excerpt":{"rendered":"<p>Na quarta-feira, 25, a equipe de engenheiros da Defesa Civil apresentou o planejamento do \u00f3rg\u00e3o ao prefeito Ant\u00f4nio Almas. S\u00e3o 33 metas divididas nos n\u00edveis estrat\u00e9gico, operacional e t\u00e1tico, para serem cumpridas a curto, m\u00e9dio e longo prazo. Entre elas est\u00e1 o desenvolvimento de mapas tem\u00e1ticos georreferenciados para detalhamento de \u00e1rea de risco; a atualiza\u00e7\u00e3o [&hellip;]<\/p>\n","protected":false},"author":96,"featured_media":148443,"comment_status":"closed","ping_status":"closed","sticky":false,"template":"","format":"standard","meta":{"footnotes":""},"categories":[253,436,440,439],"tags":[],"class_list":["post-148442","post","type-post","status-publish","format-standard","has-post-thumbnail","hentry","category-cidade","category-destaque-da-semana","category-destaques-do-dia","category-ultima-hora"],"_links":{"self":[{"href":"https:\/\/diarioregionaldigital.com.br\/index.php?rest_route=\/wp\/v2\/posts\/148442","targetHints":{"allow":["GET"]}}],"collection":[{"href":"https:\/\/diarioregionaldigital.com.br\/index.php?rest_route=\/wp\/v2\/posts"}],"about":[{"href":"https:\/\/diarioregionaldigital.com.br\/index.php?rest_route=\/wp\/v2\/types\/post"}],"author":[{"embeddable":true,"href":"https:\/\/diarioregionaldigital.com.br\/index.php?rest_route=\/wp\/v2\/users\/96"}],"replies":[{"embeddable":true,"href":"https:\/\/diarioregionaldigital.com.br\/index.php?rest_route=%2Fwp%2Fv2%2Fcomments&post=148442"}],"version-history":[{"count":0,"href":"https:\/\/diarioregionaldigital.com.br\/index.php?rest_route=\/wp\/v2\/posts\/148442\/revisions"}],"wp:featuredmedia":[{"embeddable":true,"href":"https:\/\/diarioregionaldigital.com.br\/index.php?rest_route=\/wp\/v2\/media\/148443"}],"wp:attachment":[{"href":"https:\/\/diarioregionaldigital.com.br\/index.php?rest_route=%2Fwp%2Fv2%2Fmedia&parent=148442"}],"wp:term":[{"taxonomy":"category","embeddable":true,"href":"https:\/\/diarioregionaldigital.com.br\/index.php?rest_route=%2Fwp%2Fv2%2Fcategories&post=148442"},{"taxonomy":"post_tag","embeddable":true,"href":"https:\/\/diarioregionaldigital.com.br\/index.php?rest_route=%2Fwp%2Fv2%2Ftags&post=148442"}],"curies":[{"name":"wp","href":"https:\/\/api.w.org\/{rel}","templated":true}]}}