{"id":148440,"date":"2019-09-26T14:09:53","date_gmt":"2019-09-26T17:09:53","guid":{"rendered":"https:\/\/diarioregionaldigital.com.br\/?p=148440"},"modified":"2019-09-26T14:09:53","modified_gmt":"2019-09-26T17:09:53","slug":"augusto-aras-toma-posse-na-procuradoria-geral-da-republica","status":"publish","type":"post","link":"https:\/\/diarioregionaldigital.com.br\/?p=148440","title":{"rendered":"Augusto Aras toma posse na Procuradoria-Geral da Rep\u00fablica"},"content":{"rendered":"<p>O presidente Jair Bolsonaro deu posse hoje (26) a Augusto Aras como procurador-geral da Rep\u00fablica, para um mandato de dois anos.<\/p>\n<p>Em solenidade no Pal\u00e1cio do Planalto, Aras disse que sua gest\u00e3o ser\u00e1 pautada pelo di\u00e1logo, respeito \u00e0 Constitui\u00e7\u00e3o e \u201cprinc\u00edpio da legalidade, com respeito a todos os valores que encarnam a alma do brasileiro e o esp\u00edrito da na\u00e7\u00e3o\u201d.<\/p>\n<p>\u201cAfirmo a suas excel\u00eancias o nosso dever, que haverei de cumprir de forma democr\u00e1tica, buscando na Constitui\u00e7\u00e3o a conduta necess\u00e1ria para que o Brasil encontre seu caminho, n\u00e3o somente no combate a criminalidade, mas tamb\u00e9m possa, invertendo a lupa da sua atua\u00e7\u00e3o at\u00e9 aqui [&#8230;], induzir pol\u00edticas p\u00fablicas, econ\u00f4micas e sociais, em defesa das minorias e que tudo se fa\u00e7a com respeito a dignidade da pessoa humana\u201d, disse, em seu discurso.<\/p>\n<p>O procurador-geral defendeu a independ\u00eancia, destacou a miss\u00e3o de cada um dos Tr\u00eas Poderes da Rep\u00fablica e agradeceu a oportunidade de conduzir o Minist\u00e9rio P\u00fablico (MP) como presidente do Conselho Nacional do Minist\u00e9rio P\u00fablico, que congrega todos os MPs, estaduais e da Uni\u00e3o.<\/p>\n<p>\u201c\u00c9 com muita honra que recebo do senhor presidente a oportunidade de conduzir o MP do Brasil, na defesa do Estado Democr\u00e1tico de Direito e, assim, tamb\u00e9m do sistema econ\u00f4mico de mercado aberto, em que as garantias das liberdades individuais, direitos e garantias fundamentais, associados a todos os valores e princ\u00edpios que permeiam a Constitui\u00e7\u00e3o Federal, possam ser velados por cada membro do MP.\u201d<\/p>\n<p>A partir de hoje, Aras j\u00e1 come\u00e7a a pensar a estrutura e reorganizar os trabalhos administrativos da Procuradoria-Geral da Rep\u00fablica (PGR). \u201cQueremos um Minist\u00e9rio P\u00fablico Federal [MPF] moderno\u201d, ressaltou. A cerim\u00f4nia formal de posse est\u00e1 programada para o dia 2 de outubro, na sede da PGR.<\/p>\n<p>Durante o ato de posse, hoje, no Pal\u00e1cio do Planato, o presidente Bolsonaro disse que o novo procurador-geral \u201c\u00e9 um guerreiro que vai ter em uma de suas as m\u00e3os a bandeira do Brasil e na outra a Constitui\u00e7\u00e3o\u201d e que o MP tem que continuar altivo, independente e extremamente respons\u00e1vel.<\/p>\n<p>\u201cA responsabilidade dele \u00e9 enorme porque muita coisa de interesse do Brasil passa pelo MP e n\u00f3s sabemos a import\u00e2ncia desse \u00f3rg\u00e3o no destino da nossa na\u00e7\u00e3o. N\u00e3o \u00e9 apenas fiscal da lei, outras atribui\u00e7\u00f5es cabem a ele, em grande parte n\u00f3s brasileiros estaremos perfeitamente alinhados com suas decis\u00f5es\u201d, disse Bolsonaro.<\/p>\n<h2>Indica\u00e7\u00e3o<\/h2>\n<p>O subprocurador-geral da Rep\u00fablica foi\u00a0indicado\u00a0por Bolsonaro para o posto m\u00e1ximo do Minist\u00e9rio P\u00fablico Federal em 5 de setembro. O nome de Aras n\u00e3o fazia parte da lista tr\u00edplice elaborada pela Associa\u00e7\u00e3o Nacional dos Procuradores da Rep\u00fablica (ANPR). Por lei, o presidente da Rep\u00fablica n\u00e3o \u00e9 obrigado a seguir a lista tr\u00edplice.<\/p>\n<p>Ontem (25), a indica\u00e7\u00e3o de Aras foi\u00a0aprovada\u00a0na Comiss\u00e3o de Constitui\u00e7\u00e3o e Justi\u00e7a (CCJ) do Senado, ap\u00f3s sabatina que durou pouco mais de cinco horas. Aos membros da CCJ, ele respondeu a perguntas sobre Opera\u00e7\u00e3o Lava Jato, meio ambiente, separa\u00e7\u00e3o dos Poderes, dentre outros temas. Logo em seguida, o\u00a0plen\u00e1rio\u00a0do Senado tamb\u00e9m aprovou a indica\u00e7\u00e3o, a \u00faltima etapa para que o subprocurador-geral estivesse apto a assumir o cargo.<\/p>\n<div class=\"dnd-widget-wrapper context-grande_6colunas type-image atom-align-left\">\n<div class=\"dnd-atom-rendered\">\n<figure class=\"mejs-fotoh-wrapper\"><img decoding=\"async\" class=\"img-responsive full full\" title=\"Jos\u00e9 Cruz\/Ag\u00eancia Brasil\" src=\"http:\/\/imagens.ebc.com.br\/MTjx7f1gsrMGHKt19s3yK5-GHYY=\/463x0\/smart\/http:\/\/agenciabrasil.ebc.com.br\/sites\/default\/files\/thumbnails\/image\/jfcrz_abr_26091923678.jpg?itok=jSnRz_3e\" alt=\"O presidente Jair Bolsonaro d\u00e1 posse ao novo procurador-geral da Rep\u00fablica, Augusto Aras, no Pal\u00e1cio do Planalto\" \/><\/figure>\n<\/div>\n<div class=\"dnd-caption-wrapper\">\n<h6 class=\"meta\">Posse do procurador-geral da Rep\u00fablica, Augusto Aras, no Pal\u00e1cio do Planalto &#8211;\u00a0<strong>Jos\u00e9 Cruz\/Ag\u00eancia Brasil<\/strong><\/h6>\n<\/div>\n<\/div>\n<p>O\u00a0<a href=\"http:\/\/pesquisa.in.gov.br\/imprensa\/jsp\/visualiza\/index.jsp?data=25\/09\/2019&amp;jornal=604&amp;pagina=1\" target=\"_blank\" rel=\"noopener\">decreto\u00a0<\/a>com a nomea\u00e7\u00e3o foi publicado em edi\u00e7\u00e3o extra do\u00a0<em>Di\u00e1rio Oficial da Uni\u00e3o<\/em>, ainda nesta quarta-feira. Aras assume o lugar da procuradora-geral da Rep\u00fablica Raquel Dodge, no cargo desde 2017, indicada pelo ent\u00e3o presidente\u00a0Michel Temer. O mandato de Dodge terminou no \u00faltimo dia 17 de setembro e desde ent\u00e3o o posto estava sendo ocupado,\u00a0interinamente, pelo vice-presidente do Conselho Superior do Minist\u00e9rio P\u00fablico Federal (CSMPF), Alcides Martins.<\/p>\n<h2>Perfil<\/h2>\n<p>Augusto Aras ingressou no Minist\u00e9rio P\u00fablico Federal (MPF) em 1987. Ele \u00e9 doutor em direito constitucional pela PUC de S\u00e3o Paulo. Foi procurador regional eleitoral na Bahia de 1991 a 1993, representante do Minist\u00e9rio P\u00fablico Federal (MPF) no Conselho Administrativo de Defesa Econ\u00f4mica (Cade), entre 2008 e 2010, e corregedor auxiliar do MPF.<\/p>\n<p>O subprocurador \u00e9 professor da Escola Superior do Minist\u00e9rio P\u00fablico da Uni\u00e3o (ESMPU), desde 2002, e da Universidade de Bras\u00edlia (UnB), onde leciona direito comercial e eleitoral.<\/p>\n<p>Como membro do MPF, Aras tamb\u00e9m teve atua\u00e7\u00e3o em processos no Superior Tribunal de Justi\u00e7a (STJ) e integrou o Conselho Superior do MPF, al\u00e9m de ter sido titular da 3\u00aa C\u00e2mara de Coordena\u00e7\u00e3o e Revis\u00e3o em mat\u00e9ria de direito econ\u00f4mico e do consumidor do MPF.<\/p>\n<p>Fonte: Ag\u00eancia Brasil<\/p>\n","protected":false},"excerpt":{"rendered":"<p>O presidente Jair Bolsonaro deu posse hoje (26) a Augusto Aras como procurador-geral da Rep\u00fablica, para um mandato de dois anos. Em solenidade no Pal\u00e1cio do Planalto, Aras disse que sua gest\u00e3o ser\u00e1 pautada pelo di\u00e1logo, respeito \u00e0 Constitui\u00e7\u00e3o e \u201cprinc\u00edpio da legalidade, com respeito a todos os valores que encarnam a alma do brasileiro [&hellip;]<\/p>\n","protected":false},"author":96,"featured_media":148437,"comment_status":"closed","ping_status":"closed","sticky":false,"template":"","format":"standard","meta":{"footnotes":""},"categories":[436,254,439],"tags":[],"class_list":["post-148440","post","type-post","status-publish","format-standard","has-post-thumbnail","hentry","category-destaque-da-semana","category-politica","category-ultima-hora"],"_links":{"self":[{"href":"https:\/\/diarioregionaldigital.com.br\/index.php?rest_route=\/wp\/v2\/posts\/148440","targetHints":{"allow":["GET"]}}],"collection":[{"href":"https:\/\/diarioregionaldigital.com.br\/index.php?rest_route=\/wp\/v2\/posts"}],"about":[{"href":"https:\/\/diarioregionaldigital.com.br\/index.php?rest_route=\/wp\/v2\/types\/post"}],"author":[{"embeddable":true,"href":"https:\/\/diarioregionaldigital.com.br\/index.php?rest_route=\/wp\/v2\/users\/96"}],"replies":[{"embeddable":true,"href":"https:\/\/diarioregionaldigital.com.br\/index.php?rest_route=%2Fwp%2Fv2%2Fcomments&post=148440"}],"version-history":[{"count":0,"href":"https:\/\/diarioregionaldigital.com.br\/index.php?rest_route=\/wp\/v2\/posts\/148440\/revisions"}],"wp:featuredmedia":[{"embeddable":true,"href":"https:\/\/diarioregionaldigital.com.br\/index.php?rest_route=\/wp\/v2\/media\/148437"}],"wp:attachment":[{"href":"https:\/\/diarioregionaldigital.com.br\/index.php?rest_route=%2Fwp%2Fv2%2Fmedia&parent=148440"}],"wp:term":[{"taxonomy":"category","embeddable":true,"href":"https:\/\/diarioregionaldigital.com.br\/index.php?rest_route=%2Fwp%2Fv2%2Fcategories&post=148440"},{"taxonomy":"post_tag","embeddable":true,"href":"https:\/\/diarioregionaldigital.com.br\/index.php?rest_route=%2Fwp%2Fv2%2Ftags&post=148440"}],"curies":[{"name":"wp","href":"https:\/\/api.w.org\/{rel}","templated":true}]}}