{"id":148240,"date":"2019-09-24T06:00:35","date_gmt":"2019-09-24T09:00:35","guid":{"rendered":"https:\/\/diarioregionaldigital.com.br\/?p=148240"},"modified":"2019-09-23T18:24:15","modified_gmt":"2019-09-23T21:24:15","slug":"social-37","status":"publish","type":"post","link":"https:\/\/diarioregionaldigital.com.br\/?p=148240","title":{"rendered":"Social"},"content":{"rendered":"<p style=\"text-align: center;\"><strong>Toque Sutil<\/strong><\/p>\n<p style=\"text-align: center;\">\u201cQuando te dizem que voc\u00ea n\u00e3o pode essas pessoas mostram os limites delas, n\u00e3o os seus\u201d. Parab\u00e9ns aos \u201cMelhores de 2019\u201d.<\/p>\n<p style=\"text-align: center;\"><strong>Miss Brasil<\/strong><\/p>\n<p style=\"text-align: center;\">Com aval da Voz Ativa ser\u00e1 no dia 6 de outubro, no Hotel Green Hill, o Bazar Beneficente da J\u00falia Horta. Participa\u00e7\u00e3o DJ\u2019s, Alliance e banda Meus Bons Amigos. Haver\u00e1 bate-papo com a Miss Brasil, das 18 \u00e0s 19h, e a presen\u00e7a deste colunista.<\/p>\n<p style=\"text-align: center;\"><strong>Uni\u00e3o e Sensibilidade <\/strong><\/p>\n<p style=\"text-align: center;\">O governador de Minas Romeu Zema (Novo) defendeu semana passada, na sede do Tribunal de Contas do Estado (TCE), em Belo Horizonte, a uni\u00e3o e sensibilidade dos Poderes de Minas, para construir solu\u00e7\u00f5es que melhorem a vida dos mineiros. Zema foi agraciado como o orador do Colar do M\u00e9rito da Corte de Contas Ministro Jos\u00e9 Maria de Alkmin, principal honraria do Tribunal.<\/p>\n<p style=\"text-align: center;\"><strong>Hoje em Dia<\/strong><\/p>\n<p style=\"text-align: center;\">Dados da Senacon indicam que, em m\u00e9dia, 92,5% dos brasileiros j\u00e1 foram incomodados com as indesejadas liga\u00e7\u00f5es de Telemarketing. O estudo aponta tamb\u00e9m que 65% dos entrevistados j\u00e1 foram abordados pelo ao menos 10 vezes por semana. A pr\u00e1tica que inferniza a vida do brasileiro, pode ser considerada ilegal e, por isso, a Anatel criou um site no qual o consumidor pode bloquear as chamadas.<\/p>\n<p style=\"text-align: center;\"><strong>Sistema Educacional<\/strong><\/p>\n<p style=\"text-align: center;\">Representantes da FIEMG estiveram reunidos com o prefeito de Contagem, Alex de Freitas, para estabelecer uma parceria que visa incrementar a educa\u00e7\u00e3o no munic\u00edpio. O projeto prev\u00ea ideias inovadoras, como oficinas de rob\u00f3tica, nas escolas municipais.<\/p>\n<p style=\"text-align: center;\"><span style=\"font-size: 14pt;\"><strong>Social<\/strong><\/span><\/p>\n<p style=\"text-align: center;\">Foi na Associa\u00e7\u00e3o Portuguesa a movimentada feijoada da Casa Cultura Evailton Vilela. A tarde contou com m\u00fasica animada do Grupo Samba do Mestre, Ney Gerald e com apoteose final da diva Sandra Portella. As fotos de C\u00e1ssia Gomes (RCWTV) s\u00e3o destaque hoje nesta ter\u00e7a-feira maior.<\/p>\n<div id=\"attachment_148223\" style=\"width: 690px\" class=\"wp-caption aligncenter\"><img loading=\"lazy\" decoding=\"async\" aria-describedby=\"caption-attachment-148223\" class=\"wp-image-148223\" src=\"https:\/\/diarioregionaldigital.com.br\/wp-content\/uploads\/2019\/09\/fotoa-15.jpg\" alt=\"\" width=\"680\" height=\"454\" srcset=\"https:\/\/diarioregionaldigital.com.br\/wp-content\/uploads\/2019\/09\/fotoa-15.jpg 1752w, https:\/\/diarioregionaldigital.com.br\/wp-content\/uploads\/2019\/09\/fotoa-15-300x200.jpg 300w, https:\/\/diarioregionaldigital.com.br\/wp-content\/uploads\/2019\/09\/fotoa-15-768x513.jpg 768w, https:\/\/diarioregionaldigital.com.br\/wp-content\/uploads\/2019\/09\/fotoa-15-1024x684.jpg 1024w, https:\/\/diarioregionaldigital.com.br\/wp-content\/uploads\/2019\/09\/fotoa-15-360x240.jpg 360w\" sizes=\"auto, (max-width: 680px) 100vw, 680px\" \/><p id=\"caption-attachment-148223\" class=\"wp-caption-text\">Eduardo Gomes com belas recepcionistas<\/p><\/div>\n<div id=\"attachment_148224\" style=\"width: 690px\" class=\"wp-caption aligncenter\"><img loading=\"lazy\" decoding=\"async\" aria-describedby=\"caption-attachment-148224\" class=\"wp-image-148224\" src=\"https:\/\/diarioregionaldigital.com.br\/wp-content\/uploads\/2019\/09\/fotob-15.jpg\" alt=\"\" width=\"680\" height=\"451\" srcset=\"https:\/\/diarioregionaldigital.com.br\/wp-content\/uploads\/2019\/09\/fotob-15.jpg 1776w, https:\/\/diarioregionaldigital.com.br\/wp-content\/uploads\/2019\/09\/fotob-15-300x199.jpg 300w, https:\/\/diarioregionaldigital.com.br\/wp-content\/uploads\/2019\/09\/fotob-15-768x509.jpg 768w, https:\/\/diarioregionaldigital.com.br\/wp-content\/uploads\/2019\/09\/fotob-15-1024x679.jpg 1024w, https:\/\/diarioregionaldigital.com.br\/wp-content\/uploads\/2019\/09\/fotob-15-360x239.jpg 360w\" sizes=\"auto, (max-width: 680px) 100vw, 680px\" \/><p id=\"caption-attachment-148224\" class=\"wp-caption-text\">O l\u00edder da feijoada Negro B\u00fassola e o vereador Vagner de Oliveira<\/p><\/div>\n<div id=\"attachment_148225\" style=\"width: 690px\" class=\"wp-caption aligncenter\"><img loading=\"lazy\" decoding=\"async\" aria-describedby=\"caption-attachment-148225\" class=\"wp-image-148225\" src=\"https:\/\/diarioregionaldigital.com.br\/wp-content\/uploads\/2019\/09\/fotoc-14.jpg\" alt=\"\" width=\"680\" height=\"451\" srcset=\"https:\/\/diarioregionaldigital.com.br\/wp-content\/uploads\/2019\/09\/fotoc-14.jpg 1785w, https:\/\/diarioregionaldigital.com.br\/wp-content\/uploads\/2019\/09\/fotoc-14-300x199.jpg 300w, https:\/\/diarioregionaldigital.com.br\/wp-content\/uploads\/2019\/09\/fotoc-14-768x510.jpg 768w, https:\/\/diarioregionaldigital.com.br\/wp-content\/uploads\/2019\/09\/fotoc-14-1024x680.jpg 1024w, https:\/\/diarioregionaldigital.com.br\/wp-content\/uploads\/2019\/09\/fotoc-14-360x239.jpg 360w\" sizes=\"auto, (max-width: 680px) 100vw, 680px\" \/><p id=\"caption-attachment-148225\" class=\"wp-caption-text\">Negro B\u00fassola e Nelson J\u00fanior<\/p><\/div>\n<div id=\"attachment_148226\" style=\"width: 690px\" class=\"wp-caption aligncenter\"><img loading=\"lazy\" decoding=\"async\" aria-describedby=\"caption-attachment-148226\" class=\"wp-image-148226\" src=\"https:\/\/diarioregionaldigital.com.br\/wp-content\/uploads\/2019\/09\/fotod-14.jpg\" alt=\"\" width=\"680\" height=\"453\" srcset=\"https:\/\/diarioregionaldigital.com.br\/wp-content\/uploads\/2019\/09\/fotod-14.jpg 1758w, https:\/\/diarioregionaldigital.com.br\/wp-content\/uploads\/2019\/09\/fotod-14-300x200.jpg 300w, https:\/\/diarioregionaldigital.com.br\/wp-content\/uploads\/2019\/09\/fotod-14-768x511.jpg 768w, https:\/\/diarioregionaldigital.com.br\/wp-content\/uploads\/2019\/09\/fotod-14-1024x682.jpg 1024w, https:\/\/diarioregionaldigital.com.br\/wp-content\/uploads\/2019\/09\/fotod-14-360x240.jpg 360w\" sizes=\"auto, (max-width: 680px) 100vw, 680px\" \/><p id=\"caption-attachment-148226\" class=\"wp-caption-text\">A promoter Josiane Oliveira e Eduardo Gomes<\/p><\/div>\n<div id=\"attachment_148227\" style=\"width: 690px\" class=\"wp-caption aligncenter\"><img loading=\"lazy\" decoding=\"async\" aria-describedby=\"caption-attachment-148227\" class=\"wp-image-148227\" src=\"https:\/\/diarioregionaldigital.com.br\/wp-content\/uploads\/2019\/09\/fotoe-13-e1569273117450.jpg\" alt=\"\" width=\"680\" height=\"704\" srcset=\"https:\/\/diarioregionaldigital.com.br\/wp-content\/uploads\/2019\/09\/fotoe-13-e1569273117450.jpg 1175w, https:\/\/diarioregionaldigital.com.br\/wp-content\/uploads\/2019\/09\/fotoe-13-e1569273117450-290x300.jpg 290w, https:\/\/diarioregionaldigital.com.br\/wp-content\/uploads\/2019\/09\/fotoe-13-e1569273117450-768x795.jpg 768w, https:\/\/diarioregionaldigital.com.br\/wp-content\/uploads\/2019\/09\/fotoe-13-e1569273117450-989x1024.jpg 989w, https:\/\/diarioregionaldigital.com.br\/wp-content\/uploads\/2019\/09\/fotoe-13-e1569273117450-360x373.jpg 360w\" sizes=\"auto, (max-width: 680px) 100vw, 680px\" \/><p id=\"caption-attachment-148227\" class=\"wp-caption-text\">Os amigos Eduardo Gomes e Ney Gerald<\/p><\/div>\n<div id=\"attachment_148228\" style=\"width: 690px\" class=\"wp-caption aligncenter\"><img loading=\"lazy\" decoding=\"async\" aria-describedby=\"caption-attachment-148228\" class=\"wp-image-148228\" src=\"https:\/\/diarioregionaldigital.com.br\/wp-content\/uploads\/2019\/09\/fotog-15.jpg\" alt=\"\" width=\"680\" height=\"451\" srcset=\"https:\/\/diarioregionaldigital.com.br\/wp-content\/uploads\/2019\/09\/fotog-15.jpg 1764w, https:\/\/diarioregionaldigital.com.br\/wp-content\/uploads\/2019\/09\/fotog-15-300x199.jpg 300w, https:\/\/diarioregionaldigital.com.br\/wp-content\/uploads\/2019\/09\/fotog-15-768x509.jpg 768w, https:\/\/diarioregionaldigital.com.br\/wp-content\/uploads\/2019\/09\/fotog-15-1024x679.jpg 1024w, https:\/\/diarioregionaldigital.com.br\/wp-content\/uploads\/2019\/09\/fotog-15-360x239.jpg 360w\" sizes=\"auto, (max-width: 680px) 100vw, 680px\" \/><p id=\"caption-attachment-148228\" class=\"wp-caption-text\">Wilson Rezato e Eduardo Gomes<\/p><\/div>\n<div id=\"attachment_148229\" style=\"width: 690px\" class=\"wp-caption aligncenter\"><img loading=\"lazy\" decoding=\"async\" aria-describedby=\"caption-attachment-148229\" class=\"wp-image-148229\" src=\"https:\/\/diarioregionaldigital.com.br\/wp-content\/uploads\/2019\/09\/fotoh-14.jpg\" alt=\"\" width=\"680\" height=\"451\" srcset=\"https:\/\/diarioregionaldigital.com.br\/wp-content\/uploads\/2019\/09\/fotoh-14.jpg 1781w, https:\/\/diarioregionaldigital.com.br\/wp-content\/uploads\/2019\/09\/fotoh-14-300x199.jpg 300w, https:\/\/diarioregionaldigital.com.br\/wp-content\/uploads\/2019\/09\/fotoh-14-768x510.jpg 768w, https:\/\/diarioregionaldigital.com.br\/wp-content\/uploads\/2019\/09\/fotoh-14-1024x680.jpg 1024w, https:\/\/diarioregionaldigital.com.br\/wp-content\/uploads\/2019\/09\/fotoh-14-360x239.jpg 360w\" sizes=\"auto, (max-width: 680px) 100vw, 680px\" \/><p id=\"caption-attachment-148229\" class=\"wp-caption-text\">Francisco Altomar e Negro B\u00fassola, com fam\u00edlia Altomar<\/p><\/div>\n<div id=\"attachment_148230\" style=\"width: 690px\" class=\"wp-caption aligncenter\"><img loading=\"lazy\" decoding=\"async\" aria-describedby=\"caption-attachment-148230\" class=\"wp-image-148230\" src=\"https:\/\/diarioregionaldigital.com.br\/wp-content\/uploads\/2019\/09\/fotoi-14.jpg\" alt=\"\" width=\"680\" height=\"451\" srcset=\"https:\/\/diarioregionaldigital.com.br\/wp-content\/uploads\/2019\/09\/fotoi-14.jpg 1764w, https:\/\/diarioregionaldigital.com.br\/wp-content\/uploads\/2019\/09\/fotoi-14-300x199.jpg 300w, https:\/\/diarioregionaldigital.com.br\/wp-content\/uploads\/2019\/09\/fotoi-14-768x509.jpg 768w, https:\/\/diarioregionaldigital.com.br\/wp-content\/uploads\/2019\/09\/fotoi-14-1024x679.jpg 1024w, https:\/\/diarioregionaldigital.com.br\/wp-content\/uploads\/2019\/09\/fotoi-14-360x239.jpg 360w\" sizes=\"auto, (max-width: 680px) 100vw, 680px\" \/><p id=\"caption-attachment-148230\" class=\"wp-caption-text\">Lucas Delage, Eduardo Gomes e Kely Dias<\/p><\/div>\n<div id=\"attachment_148231\" style=\"width: 690px\" class=\"wp-caption aligncenter\"><img loading=\"lazy\" decoding=\"async\" aria-describedby=\"caption-attachment-148231\" class=\"wp-image-148231\" src=\"https:\/\/diarioregionaldigital.com.br\/wp-content\/uploads\/2019\/09\/fotoj-13.jpg\" alt=\"\" width=\"680\" height=\"451\" srcset=\"https:\/\/diarioregionaldigital.com.br\/wp-content\/uploads\/2019\/09\/fotoj-13.jpg 1764w, https:\/\/diarioregionaldigital.com.br\/wp-content\/uploads\/2019\/09\/fotoj-13-300x199.jpg 300w, https:\/\/diarioregionaldigital.com.br\/wp-content\/uploads\/2019\/09\/fotoj-13-768x509.jpg 768w, https:\/\/diarioregionaldigital.com.br\/wp-content\/uploads\/2019\/09\/fotoj-13-1024x679.jpg 1024w, https:\/\/diarioregionaldigital.com.br\/wp-content\/uploads\/2019\/09\/fotoj-13-360x239.jpg 360w\" sizes=\"auto, (max-width: 680px) 100vw, 680px\" \/><p id=\"caption-attachment-148231\" class=\"wp-caption-text\">Negro B\u00fassola, Glauber Andrade, e grupo da Glauber Ve\u00edculos<\/p><\/div>\n<div id=\"attachment_148232\" style=\"width: 690px\" class=\"wp-caption aligncenter\"><img loading=\"lazy\" decoding=\"async\" aria-describedby=\"caption-attachment-148232\" class=\"wp-image-148232\" src=\"https:\/\/diarioregionaldigital.com.br\/wp-content\/uploads\/2019\/09\/fotol-10.jpg\" alt=\"\" width=\"680\" height=\"451\" srcset=\"https:\/\/diarioregionaldigital.com.br\/wp-content\/uploads\/2019\/09\/fotol-10.jpg 1756w, https:\/\/diarioregionaldigital.com.br\/wp-content\/uploads\/2019\/09\/fotol-10-300x199.jpg 300w, https:\/\/diarioregionaldigital.com.br\/wp-content\/uploads\/2019\/09\/fotol-10-768x509.jpg 768w, https:\/\/diarioregionaldigital.com.br\/wp-content\/uploads\/2019\/09\/fotol-10-1024x679.jpg 1024w, https:\/\/diarioregionaldigital.com.br\/wp-content\/uploads\/2019\/09\/fotol-10-360x239.jpg 360w\" sizes=\"auto, (max-width: 680px) 100vw, 680px\" \/><p id=\"caption-attachment-148232\" class=\"wp-caption-text\">Amigos de Sandra Portella: Thiago Franco, Petterson Marciano, Carlos Barbosa, Ju Nega, Caio Dias (Rei Momo), Fabiano Garcia e Liliane Gonzaga<\/p><\/div>\n<p style=\"text-align: center;\"><strong>FOTOSS\u00cdNTESE<\/strong><\/p>\n<p>Em boa hora a greve dos Correios acabou at\u00e9 segunda ordem. Seguindo proposta do TST, a categoria aprovou suspens\u00e3o do movimento at\u00e9 julgamento de diss\u00eddio, em outubro.<\/p>\n<p>O coordenador nacional de expans\u00e3o do Centro de Valoriza\u00e7\u00e3o da Vida (CVV), Jo\u00e3o R\u00e9gis da Silva, oficializou a instala\u00e7\u00e3o de uma unidade CVV em Juiz de Fora.<\/p>\n<p>O secret\u00e1rio de Desenvolvimento Econ\u00f4mico do Estado de Minas Gerais, Manoel Vitor de Mendon\u00e7a Filho, ser\u00e1 respons\u00e1vel pela confer\u00eancia de abertura, no dia 26, do VIII F\u00f3rum de Desenvolvimento de Juiz de Fora, Zona da Mata e Vertentes.<\/p>\n<p>Adriano Mello, carioca radicado em Juiz de Fora, est\u00e1 disputando 1.000 km Brasil em Engenheiro Paulo de Frontin (RJ), na maior ultra maratona da Am\u00e9rica Latina.<\/p>\n<p>Foi em ritmo de festa que o abrigo Santa Helena recebeu do gerente comercial da Est\u00e1cio, Diego Gon\u00e7alves, mais de 100 quilos de alimentos arrecadados no trote solid\u00e1rio.<\/p>\n<p>A diretoria da Escola Municipal Santa C\u00e2ndida avisa que professores e alunos promovem, dia 28, o 2\u00ba Contos, Cantos e Encantos em projeto da diretora Ana Cec\u00edlia d\u2019Almeida Francisquini.<\/p>\n<p>A poeta e atriz carioca Elisa Lucinda foi uma das intelectuais que participou do Encontro de Autoria Feminina realizado pela Faculdade de Letras da UFJF.<\/p>\n<p>Com coordena\u00e7\u00e3o de Armando Falconi Filho e Paulo Henrique de Assis, circula mais um exemplar do Amigos da R\u00e1dio Evoluir. Para os dias 1\u00ba de outubro a 10 de novembro vai acontecer o 4\u00ba Congresso Esp\u00edrita On Line da Feak.<\/p>\n<p>Para saber: A heran\u00e7a maior que podemos deixar para todos \u00e9 a certeza de lutar e n\u00e3o desistir jamais. Bom dia!<\/p>\n<p><img loading=\"lazy\" decoding=\"async\" class=\"aligncenter size-full wp-image-148172\" src=\"https:\/\/diarioregionaldigital.com.br\/wp-content\/uploads\/2019\/09\/arte-coluna-social-2-NOVO.png\" alt=\"\" width=\"3508\" height=\"709\" srcset=\"https:\/\/diarioregionaldigital.com.br\/wp-content\/uploads\/2019\/09\/arte-coluna-social-2-NOVO.png 3508w, https:\/\/diarioregionaldigital.com.br\/wp-content\/uploads\/2019\/09\/arte-coluna-social-2-NOVO-300x61.png 300w, https:\/\/diarioregionaldigital.com.br\/wp-content\/uploads\/2019\/09\/arte-coluna-social-2-NOVO-768x155.png 768w, https:\/\/diarioregionaldigital.com.br\/wp-content\/uploads\/2019\/09\/arte-coluna-social-2-NOVO-1024x207.png 1024w, https:\/\/diarioregionaldigital.com.br\/wp-content\/uploads\/2019\/09\/arte-coluna-social-2-NOVO-360x73.png 360w\" sizes=\"auto, (max-width: 3508px) 100vw, 3508px\" \/><\/p>\n","protected":false},"excerpt":{"rendered":"<p>Toque Sutil \u201cQuando te dizem que voc\u00ea n\u00e3o pode essas pessoas mostram os limites delas, n\u00e3o os seus\u201d. Parab\u00e9ns aos \u201cMelhores de 2019\u201d. Miss Brasil Com aval da Voz Ativa ser\u00e1 no dia 6 de outubro, no Hotel Green Hill, o Bazar Beneficente da J\u00falia Horta. Participa\u00e7\u00e3o DJ\u2019s, Alliance e banda Meus Bons Amigos. Haver\u00e1 [&hellip;]<\/p>\n","protected":false},"author":96,"featured_media":148223,"comment_status":"closed","ping_status":"closed","sticky":false,"template":"","format":"standard","meta":{"footnotes":""},"categories":[264],"tags":[],"class_list":["post-148240","post","type-post","status-publish","format-standard","has-post-thumbnail","hentry","category-eduardo-gomes"],"_links":{"self":[{"href":"https:\/\/diarioregionaldigital.com.br\/index.php?rest_route=\/wp\/v2\/posts\/148240","targetHints":{"allow":["GET"]}}],"collection":[{"href":"https:\/\/diarioregionaldigital.com.br\/index.php?rest_route=\/wp\/v2\/posts"}],"about":[{"href":"https:\/\/diarioregionaldigital.com.br\/index.php?rest_route=\/wp\/v2\/types\/post"}],"author":[{"embeddable":true,"href":"https:\/\/diarioregionaldigital.com.br\/index.php?rest_route=\/wp\/v2\/users\/96"}],"replies":[{"embeddable":true,"href":"https:\/\/diarioregionaldigital.com.br\/index.php?rest_route=%2Fwp%2Fv2%2Fcomments&post=148240"}],"version-history":[{"count":0,"href":"https:\/\/diarioregionaldigital.com.br\/index.php?rest_route=\/wp\/v2\/posts\/148240\/revisions"}],"wp:featuredmedia":[{"embeddable":true,"href":"https:\/\/diarioregionaldigital.com.br\/index.php?rest_route=\/wp\/v2\/media\/148223"}],"wp:attachment":[{"href":"https:\/\/diarioregionaldigital.com.br\/index.php?rest_route=%2Fwp%2Fv2%2Fmedia&parent=148240"}],"wp:term":[{"taxonomy":"category","embeddable":true,"href":"https:\/\/diarioregionaldigital.com.br\/index.php?rest_route=%2Fwp%2Fv2%2Fcategories&post=148240"},{"taxonomy":"post_tag","embeddable":true,"href":"https:\/\/diarioregionaldigital.com.br\/index.php?rest_route=%2Fwp%2Fv2%2Ftags&post=148240"}],"curies":[{"name":"wp","href":"https:\/\/api.w.org\/{rel}","templated":true}]}}