{"id":148236,"date":"2019-09-23T18:04:00","date_gmt":"2019-09-23T21:04:00","guid":{"rendered":"https:\/\/diarioregionaldigital.com.br\/?p=148236"},"modified":"2019-09-23T18:04:00","modified_gmt":"2019-09-23T21:04:00","slug":"mais-de-500-toneladas-de-lixo-ja-foram-retiradas-pela-pjf-em-acoes-de-combate-a-dengue-este-ano","status":"publish","type":"post","link":"https:\/\/diarioregionaldigital.com.br\/?p=148236","title":{"rendered":"Mais de 500 toneladas de lixo j\u00e1 foram retiradas pela PJF em a\u00e7\u00f5es de combate \u00e0 dengue este ano"},"content":{"rendered":"<p>At\u00e9 o momento, a Prefeitura de Juiz de Fora (PJF), por meio da \u201cSala de Opera\u00e7\u00f5es da Dengue\u201d, j\u00e1 realizou mais de 41 a\u00e7\u00f5es de limpeza com o objetivo de combater a dengue. Conforme o executivo, em nove meses de trabalho, foram retirados 176 caminh\u00f5es de entulho e materiais inserv\u00edveis, que totalizam cerca de 543 toneladas de lixo.<\/p>\n<p>Os trabalhos de combate ao mosquito Aedes aegypti, inseto transmissor da dengue, zika e chikungunya, contam com a parceria de agentes de combate a endemias da Secretaria de Sa\u00fade (SS), servidores do Departamento Municipal de Limpeza Urbana (Demlurb), al\u00e9m de fiscais da Secretaria de Meio Ambiente e Ordenamento Urbano (Semaur) e uma equipe da Secretaria de Desenvolvimento Social (SDS).<\/p>\n<p>As a\u00e7\u00f5es de limpezas s\u00e3o realizadas em casas insalubres ou em situa\u00e7\u00e3o de abandono, terrenos ou pontos estrat\u00e9gicos monitorados pela equipe da &#8220;Sala de Opera\u00e7\u00f5es da Dengue&#8221; com intuito de eliminar poss\u00edveis focos, para impedir a prolifera\u00e7\u00e3o do mosquito.<\/p>\n<p>Atrav\u00e9s da assessoria, o coordenador-geral de Campo, Juvenal Marques Franco, destacou a continuidade das a\u00e7\u00f5es. \u201cA equipe n\u00e3o para de realizar esses cuidados, pois esses locais t\u00eam grande potencial de ser focos geradores para a regi\u00e3o. Al\u00e9m disso, \u00e9 fundamental as pessoas n\u00e3o acumularem material, principalmente em \u00e1reas descobertas\u201d, disse.<\/p>\n<p>Al\u00e9m das a\u00e7\u00f5es de limpeza, os agentes de combate a endemias seguemvistoriando resid\u00eancias da cidade e eliminando os focos. A \u201cSala de Opera\u00e7\u00f5es da Dengue\u201d avalia as den\u00fancias efetuadas no \u201cDisque Dengue\u201d, atrav\u00e9s do n\u00famero 199, e distribui o trabalho. O plano vai al\u00e9m da divis\u00e3o de secretarias, trabalhando de forma conjunta e integrada. O objetivo \u00e9 aproveitar as funcionalidades de cada pasta para o controle vetorial.<\/p>\n","protected":false},"excerpt":{"rendered":"<p>At\u00e9 o momento, a Prefeitura de Juiz de Fora (PJF), por meio da \u201cSala de Opera\u00e7\u00f5es da Dengue\u201d, j\u00e1 realizou mais de 41 a\u00e7\u00f5es de limpeza com o objetivo de combater a dengue. Conforme o executivo, em nove meses de trabalho, foram retirados 176 caminh\u00f5es de entulho e materiais inserv\u00edveis, que totalizam cerca de 543 [&hellip;]<\/p>\n","protected":false},"author":96,"featured_media":148233,"comment_status":"closed","ping_status":"closed","sticky":false,"template":"","format":"standard","meta":{"footnotes":""},"categories":[253,436,440,439],"tags":[],"class_list":["post-148236","post","type-post","status-publish","format-standard","has-post-thumbnail","hentry","category-cidade","category-destaque-da-semana","category-destaques-do-dia","category-ultima-hora"],"_links":{"self":[{"href":"https:\/\/diarioregionaldigital.com.br\/index.php?rest_route=\/wp\/v2\/posts\/148236","targetHints":{"allow":["GET"]}}],"collection":[{"href":"https:\/\/diarioregionaldigital.com.br\/index.php?rest_route=\/wp\/v2\/posts"}],"about":[{"href":"https:\/\/diarioregionaldigital.com.br\/index.php?rest_route=\/wp\/v2\/types\/post"}],"author":[{"embeddable":true,"href":"https:\/\/diarioregionaldigital.com.br\/index.php?rest_route=\/wp\/v2\/users\/96"}],"replies":[{"embeddable":true,"href":"https:\/\/diarioregionaldigital.com.br\/index.php?rest_route=%2Fwp%2Fv2%2Fcomments&post=148236"}],"version-history":[{"count":0,"href":"https:\/\/diarioregionaldigital.com.br\/index.php?rest_route=\/wp\/v2\/posts\/148236\/revisions"}],"wp:featuredmedia":[{"embeddable":true,"href":"https:\/\/diarioregionaldigital.com.br\/index.php?rest_route=\/wp\/v2\/media\/148233"}],"wp:attachment":[{"href":"https:\/\/diarioregionaldigital.com.br\/index.php?rest_route=%2Fwp%2Fv2%2Fmedia&parent=148236"}],"wp:term":[{"taxonomy":"category","embeddable":true,"href":"https:\/\/diarioregionaldigital.com.br\/index.php?rest_route=%2Fwp%2Fv2%2Fcategories&post=148236"},{"taxonomy":"post_tag","embeddable":true,"href":"https:\/\/diarioregionaldigital.com.br\/index.php?rest_route=%2Fwp%2Fv2%2Ftags&post=148236"}],"curies":[{"name":"wp","href":"https:\/\/api.w.org\/{rel}","templated":true}]}}