{"id":148222,"date":"2019-09-23T18:02:27","date_gmt":"2019-09-23T21:02:27","guid":{"rendered":"https:\/\/diarioregionaldigital.com.br\/?p=148222"},"modified":"2019-09-24T18:20:36","modified_gmt":"2019-09-24T21:20:36","slug":"blitz-educativa-e-realizada-na-rio-branco-durante-semana-nacional-do-transito","status":"publish","type":"post","link":"https:\/\/diarioregionaldigital.com.br\/?p=148222","title":{"rendered":"Blitz educativa \u00e9 realizada na Rio Branco durante Semana Nacional do Tr\u00e2nsito"},"content":{"rendered":"<p>Como parte da programa\u00e7\u00e3o da Semana Nacional do Tr\u00e2nsito, nesta segunda-feira, 23, uma \u201cBlitz Educativa\u201d foi realizada em Juiz de Fora. Um dos grandes problemas do tr\u00e2nsito \u00e9 a falta de educa\u00e7\u00e3o e a atitude de cada um enquanto dirige impacta diretamente o dia de muitas pessoas. Buscando a conscientiza\u00e7\u00e3o da popula\u00e7\u00e3o, a a\u00e7\u00e3o foi realizada durante a manh\u00e3, de 9 \u00e0s 11 horas, na Avenida Bar\u00e3o do Rio Branco.<\/p>\n<p>Fizeram parte da \u201cBlitz Educativa\u201d a Secretaria de Transportes e Tr\u00e2nsito (Settra), a Comiss\u00e3o Municipal de Seguran\u00e7a e Educa\u00e7\u00e3o para o Tr\u00e2nsito (Comset), o Hemominas, o Corpo de Bombeiros, a Via\u00e7\u00e3o Nossa Senhora Aparecida (Ansal) e a Superintend\u00eancia Regional de Ensino, com a Escola Estadual Padre Frederico.<\/p>\n<p>\u201cA\u00e7\u00f5es como essa relembram a popula\u00e7\u00e3o dos comportamentos e atitudes fundamentais para garantirmos a seguran\u00e7a no tr\u00e2nsito\u201d, explicou a supervisora de Projetos de Educa\u00e7\u00e3o para Mobilidade Urbana, Renata Viana.<\/p>\n<p><strong>SEMANA NACIONAL DO TR\u00c2NSITO<\/strong><\/p>\n<p>A Semana Nacional do Tr\u00e2nsito, prevista no C\u00f3digo de Tr\u00e2nsito Brasileiro (CTB), \u00e9 promovida anualmente entre os dias 18 e 25 de setembro. Neste ano o tema \u00e9 \u201cNo Tr\u00e2nsito, o Sentido \u00e9 a Vida\u201d e a ideia \u00e9 envolver diretamente a sociedade nas a\u00e7\u00f5es e propor uma reflex\u00e3o sobre uma nova forma de encarar a mobilidade. A Semana Nacional do Tr\u00e2nsito contar\u00e1 com diversas a\u00e7\u00f5es focadas na educa\u00e7\u00e3o de todos os envolvidos no tr\u00e2nsito.<\/p>\n<p>&nbsp;<\/p>\n","protected":false},"excerpt":{"rendered":"<p>Como parte da programa\u00e7\u00e3o da Semana Nacional do Tr\u00e2nsito, nesta segunda-feira, 23, uma \u201cBlitz Educativa\u201d foi realizada em Juiz de Fora. Um dos grandes problemas do tr\u00e2nsito \u00e9 a falta de educa\u00e7\u00e3o e a atitude de cada um enquanto dirige impacta diretamente o dia de muitas pessoas. Buscando a conscientiza\u00e7\u00e3o da popula\u00e7\u00e3o, a a\u00e7\u00e3o foi [&hellip;]<\/p>\n","protected":false},"author":96,"featured_media":148234,"comment_status":"closed","ping_status":"closed","sticky":false,"template":"","format":"standard","meta":{"footnotes":""},"categories":[253,436,439],"tags":[],"class_list":["post-148222","post","type-post","status-publish","format-standard","has-post-thumbnail","hentry","category-cidade","category-destaque-da-semana","category-ultima-hora"],"_links":{"self":[{"href":"https:\/\/diarioregionaldigital.com.br\/index.php?rest_route=\/wp\/v2\/posts\/148222","targetHints":{"allow":["GET"]}}],"collection":[{"href":"https:\/\/diarioregionaldigital.com.br\/index.php?rest_route=\/wp\/v2\/posts"}],"about":[{"href":"https:\/\/diarioregionaldigital.com.br\/index.php?rest_route=\/wp\/v2\/types\/post"}],"author":[{"embeddable":true,"href":"https:\/\/diarioregionaldigital.com.br\/index.php?rest_route=\/wp\/v2\/users\/96"}],"replies":[{"embeddable":true,"href":"https:\/\/diarioregionaldigital.com.br\/index.php?rest_route=%2Fwp%2Fv2%2Fcomments&post=148222"}],"version-history":[{"count":0,"href":"https:\/\/diarioregionaldigital.com.br\/index.php?rest_route=\/wp\/v2\/posts\/148222\/revisions"}],"wp:featuredmedia":[{"embeddable":true,"href":"https:\/\/diarioregionaldigital.com.br\/index.php?rest_route=\/wp\/v2\/media\/148234"}],"wp:attachment":[{"href":"https:\/\/diarioregionaldigital.com.br\/index.php?rest_route=%2Fwp%2Fv2%2Fmedia&parent=148222"}],"wp:term":[{"taxonomy":"category","embeddable":true,"href":"https:\/\/diarioregionaldigital.com.br\/index.php?rest_route=%2Fwp%2Fv2%2Fcategories&post=148222"},{"taxonomy":"post_tag","embeddable":true,"href":"https:\/\/diarioregionaldigital.com.br\/index.php?rest_route=%2Fwp%2Fv2%2Ftags&post=148222"}],"curies":[{"name":"wp","href":"https:\/\/api.w.org\/{rel}","templated":true}]}}