{"id":148216,"date":"2019-09-23T16:45:07","date_gmt":"2019-09-23T19:45:07","guid":{"rendered":"https:\/\/diarioregionaldigital.com.br\/?p=148216"},"modified":"2019-09-23T16:45:07","modified_gmt":"2019-09-23T19:45:07","slug":"flavio-stumpf-e-amanda-de-oliveira-vencem-corrida-do-rodoviario-camilo-dos-santos","status":"publish","type":"post","link":"https:\/\/diarioregionaldigital.com.br\/?p=148216","title":{"rendered":"Fl\u00e1vio Stumpf e Amanda de Oliveira vencem Corrida do Rodovi\u00e1rio Camilo dos Santos"},"content":{"rendered":"<p>Na manh\u00e3 nublada do domingo, 22, mais de 2.300 atletas encararam os 8,8km de corrida ou os 4,5km de caminhada da \u201c8\u00aa Corrida do Rodovi\u00e1rio Camilo dos Santos\u201d, oitava etapa do \u201c33\u00ba Ranking de Corridas de Rua de Juiz de Fora\u201d. Fl\u00e1vio Stumpf (da equipe Vem Correr) e Amanda de Oliveira (Faculdade Granbery\/Educa\u00e7\u00e3o F\u00edsica) foram os campe\u00f5es da prova. Completaram o p\u00f3dio masculino, seguindo Fl\u00e1vio, Jocemar Correa (Vem Correr), Matheus Batista (Mega\/Cria Universidade Federal de Juiz de Fora-UFJF), Pedro Archanjo (Vem Correr) e Wesley Furiatti (Vem Correr). No feminino, al\u00e9m de Amanda, Aline Barbosa (Faculdade Granbery\/Educa\u00e7\u00e3o F\u00edsica), Noemi Alves da Cruz (Mega\/Cria UFJF), Debora Fai\u00e3o (Team Fai\u00e3o) e Claudete Nunes (Profit Running).<\/p>\n<p>Entre as equipes, Vem Correr, Superamigos e Mega\/Cria UFJF venceram no masculino, e Nativos, Profit Running e Faculdade Granbery\/Educa\u00e7\u00e3o F\u00edsica, no feminino. O Programa \u201cJF Paral\u00edmpico\u201d, da Secretaria de Esporte e Lazer (SEL), da Prefeitura de Juiz de Fora (PJF), venceu entre as equipes de pessoas com defici\u00eancia, tanto no masculino, quanto no feminino.<\/p>\n<p>Devido a problemas t\u00e9cnicos ocorridos durante a corrida, os resultados extraoficiais est\u00e3o sendo revisados e ser\u00e3o publicados at\u00e9 quinta-feira, 26. O ranking \u00e9 realiza\u00e7\u00e3o da SEL, atrav\u00e9s do Departamento de Inicia\u00e7\u00e3o, Forma\u00e7\u00e3o e Regimento Esportivo (Difre), e parceria com empresas vencedoras da licita\u00e7\u00e3o, organizadoras das etapas. Este ano ser\u00e3o 11 etapas.<\/p>\n<p>Fonte: PJF<\/p>\n","protected":false},"excerpt":{"rendered":"<p>Na manh\u00e3 nublada do domingo, 22, mais de 2.300 atletas encararam os 8,8km de corrida ou os 4,5km de caminhada da \u201c8\u00aa Corrida do Rodovi\u00e1rio Camilo dos Santos\u201d, oitava etapa do \u201c33\u00ba Ranking de Corridas de Rua de Juiz de Fora\u201d. Fl\u00e1vio Stumpf (da equipe Vem Correr) e Amanda de Oliveira (Faculdade Granbery\/Educa\u00e7\u00e3o F\u00edsica) foram [&hellip;]<\/p>\n","protected":false},"author":96,"featured_media":148212,"comment_status":"closed","ping_status":"closed","sticky":false,"template":"","format":"standard","meta":{"footnotes":""},"categories":[436,257,439],"tags":[],"class_list":["post-148216","post","type-post","status-publish","format-standard","has-post-thumbnail","hentry","category-destaque-da-semana","category-esporte","category-ultima-hora"],"_links":{"self":[{"href":"https:\/\/diarioregionaldigital.com.br\/index.php?rest_route=\/wp\/v2\/posts\/148216","targetHints":{"allow":["GET"]}}],"collection":[{"href":"https:\/\/diarioregionaldigital.com.br\/index.php?rest_route=\/wp\/v2\/posts"}],"about":[{"href":"https:\/\/diarioregionaldigital.com.br\/index.php?rest_route=\/wp\/v2\/types\/post"}],"author":[{"embeddable":true,"href":"https:\/\/diarioregionaldigital.com.br\/index.php?rest_route=\/wp\/v2\/users\/96"}],"replies":[{"embeddable":true,"href":"https:\/\/diarioregionaldigital.com.br\/index.php?rest_route=%2Fwp%2Fv2%2Fcomments&post=148216"}],"version-history":[{"count":0,"href":"https:\/\/diarioregionaldigital.com.br\/index.php?rest_route=\/wp\/v2\/posts\/148216\/revisions"}],"wp:featuredmedia":[{"embeddable":true,"href":"https:\/\/diarioregionaldigital.com.br\/index.php?rest_route=\/wp\/v2\/media\/148212"}],"wp:attachment":[{"href":"https:\/\/diarioregionaldigital.com.br\/index.php?rest_route=%2Fwp%2Fv2%2Fmedia&parent=148216"}],"wp:term":[{"taxonomy":"category","embeddable":true,"href":"https:\/\/diarioregionaldigital.com.br\/index.php?rest_route=%2Fwp%2Fv2%2Fcategories&post=148216"},{"taxonomy":"post_tag","embeddable":true,"href":"https:\/\/diarioregionaldigital.com.br\/index.php?rest_route=%2Fwp%2Fv2%2Ftags&post=148216"}],"curies":[{"name":"wp","href":"https:\/\/api.w.org\/{rel}","templated":true}]}}