{"id":148207,"date":"2019-09-23T16:41:34","date_gmt":"2019-09-23T19:41:34","guid":{"rendered":"https:\/\/diarioregionaldigital.com.br\/?p=148207"},"modified":"2019-09-23T16:41:34","modified_gmt":"2019-09-23T19:41:34","slug":"palmeiras-vence-fortaleza-fora-de-casa-e-segue-na-cola-do-flamengo","status":"publish","type":"post","link":"https:\/\/diarioregionaldigital.com.br\/?p=148207","title":{"rendered":"PALMEIRAS VENCE FORTALEZA FORA DE CASA E SEGUE NA COLA DO FLAMENGO"},"content":{"rendered":"<p>O Palmeiras segue o bom momento no Campeonato Brasileiro. Mesmo jogando fora de casa, diante do Fortaleza, no est\u00e1dio Castel\u00e3o, o Verd\u00e3o conquistou a vit\u00f3ria com o gol solit\u00e1rio de Willian.<\/p>\n<p>Com o triunfo, o Verd\u00e3o segue na cola do l\u00edder Flamengo, apenas tr\u00eas pontos atr\u00e1s da equipe carioca. Os comandados do t\u00e9cnico Mano Menezes foram a 42 pontos conquistados, enquanto o Rubro-Negro tem 45. O Fortaleza permaneceu com 22 e ocupa a 14\u00aa posi\u00e7\u00e3o.<\/p>\n<p>&nbsp;<\/p>\n<p><strong>O JOGO<\/strong><\/p>\n<p>Fortaleza e Palmeiras fizeram um primeiro tempo muito disputado. Apesar disso, poucas chances reais de gol foram criadas por ambas as equipes. Aos 18, o Fortaleza chegou com Edinho, que arriscou um chute de longe. A bola, no entanto, subiu muito e foi para fora.<\/p>\n<p>O Palmeiras, por sua vez, assustou aos 38 minutos, quando Gustavo Scarpa cruzou uma bola venenosa para dentro da \u00e1rea. Por\u00e9m, o goleiro Marcelo Boeck saiu e deu um soco na bola, afastando o perigo de dentro da \u00e1rea do Le\u00e3o.<\/p>\n<p>Na segunda metade do jogo, n\u00e3o demorou muito para o Palmeiras abrir o marcador no Castel\u00e3o. Scarpa bateu escanteio, e a bola desviou em Tinga, sobrando limpa para Willian. O atacante bate para o gol e estufa das redes do Tricolor: 1 a 0<\/p>\n<p>A partir da\u00ed, o jogo ficou l\u00e1 e c\u00e1. O Fortaleza teve boa chance empatar aos 33, quando Juninho cobrou falta direto para o gol, rasteiro, mas viu a bola ir para fora. O Verd\u00e3o conseguiu segurar o resultado at\u00e9 o apito final e garantiu os tr\u00eas pontos.<\/p>\n<p>Fonte: CBF<\/p>\n","protected":false},"excerpt":{"rendered":"<p>O Palmeiras segue o bom momento no Campeonato Brasileiro. Mesmo jogando fora de casa, diante do Fortaleza, no est\u00e1dio Castel\u00e3o, o Verd\u00e3o conquistou a vit\u00f3ria com o gol solit\u00e1rio de Willian. Com o triunfo, o Verd\u00e3o segue na cola do l\u00edder Flamengo, apenas tr\u00eas pontos atr\u00e1s da equipe carioca. Os comandados do t\u00e9cnico Mano Menezes [&hellip;]<\/p>\n","protected":false},"author":96,"featured_media":148210,"comment_status":"closed","ping_status":"closed","sticky":false,"template":"","format":"standard","meta":{"footnotes":""},"categories":[436,257,439],"tags":[],"class_list":["post-148207","post","type-post","status-publish","format-standard","has-post-thumbnail","hentry","category-destaque-da-semana","category-esporte","category-ultima-hora"],"_links":{"self":[{"href":"https:\/\/diarioregionaldigital.com.br\/index.php?rest_route=\/wp\/v2\/posts\/148207","targetHints":{"allow":["GET"]}}],"collection":[{"href":"https:\/\/diarioregionaldigital.com.br\/index.php?rest_route=\/wp\/v2\/posts"}],"about":[{"href":"https:\/\/diarioregionaldigital.com.br\/index.php?rest_route=\/wp\/v2\/types\/post"}],"author":[{"embeddable":true,"href":"https:\/\/diarioregionaldigital.com.br\/index.php?rest_route=\/wp\/v2\/users\/96"}],"replies":[{"embeddable":true,"href":"https:\/\/diarioregionaldigital.com.br\/index.php?rest_route=%2Fwp%2Fv2%2Fcomments&post=148207"}],"version-history":[{"count":0,"href":"https:\/\/diarioregionaldigital.com.br\/index.php?rest_route=\/wp\/v2\/posts\/148207\/revisions"}],"wp:featuredmedia":[{"embeddable":true,"href":"https:\/\/diarioregionaldigital.com.br\/index.php?rest_route=\/wp\/v2\/media\/148210"}],"wp:attachment":[{"href":"https:\/\/diarioregionaldigital.com.br\/index.php?rest_route=%2Fwp%2Fv2%2Fmedia&parent=148207"}],"wp:term":[{"taxonomy":"category","embeddable":true,"href":"https:\/\/diarioregionaldigital.com.br\/index.php?rest_route=%2Fwp%2Fv2%2Fcategories&post=148207"},{"taxonomy":"post_tag","embeddable":true,"href":"https:\/\/diarioregionaldigital.com.br\/index.php?rest_route=%2Fwp%2Fv2%2Ftags&post=148207"}],"curies":[{"name":"wp","href":"https:\/\/api.w.org\/{rel}","templated":true}]}}