{"id":148201,"date":"2019-09-23T13:41:11","date_gmt":"2019-09-23T16:41:11","guid":{"rendered":"https:\/\/diarioregionaldigital.com.br\/?p=148201"},"modified":"2019-09-23T15:46:54","modified_gmt":"2019-09-23T18:46:54","slug":"movimentos-convidam-sociedade-para-debate-sobre-amazonia","status":"publish","type":"post","link":"https:\/\/diarioregionaldigital.com.br\/?p=148201","title":{"rendered":"Movimentos convidam sociedade para debate sobre Amaz\u00f4nia"},"content":{"rendered":"<div>\n<p>\u00a0O debate sobre a Amaz\u00f4nia e os interesses econ\u00f4micos e pol\u00edticosque a amea\u00e7am chega a Juiz de Fora. Os recentes inc\u00eandios com repercuss\u00e3ointernacional aumentam a import\u00e2ncia da defesa da floresta e de seus povos. Adiscuss\u00e3o chegou aos movimentos sociais de todo o Brasil que, j\u00e1 antes dos\u00faltimos acontecimentos, se mobilizam contra a devasta\u00e7\u00e3o da maiorbiodiversidade do Planeta. Tamb\u00e9m a Igreja Cat\u00f3lica assumiu a defesa dafloresta e de seus povos em resposta \u00e0 convoca\u00e7\u00e3o do Papa Francisco para o S\u00ednododos Bispos sobre a Amaz\u00f4nia.<\/p>\n<p>Em conson\u00e2ncia o Movimento F\u00e9 ePol\u00edtica de Juiz de Fora em parceria com o Sindicato dos Banc\u00e1rios da Zona daMata e Sul de Minas, a Frente Brasil Popular, o Movimento dos TrabalhadoresRurais sem Terra e o Centro Ecum\u00eanico de Estudos B\u00edblicos convidam todas aspessoas interessadas no tema para uma tarde de debates.<\/p>\n<div>\u00a0 O encontro ser\u00e1 realizado no dia 28 desetembro, s\u00e1bado, de 14 \u00e0s 18 horas na sede do Sindicato dos Banc\u00e1rios. Deforma din\u00e2mica os participantes ir\u00e3o refletir sobre as amea\u00e7as e consequ\u00eanciasque a crise ambiental e os ataques \u00e0 Amaz\u00f4nia representam ao planeta e \u00e0 vidahumana.<\/div>\n<\/div>\n<div dir=\"ltr\">\n<p>Al\u00e9m de document\u00e1rios seguidos dedebates, a atividade contar\u00e1 tamb\u00e9m com as apresenta\u00e7\u00f5es art\u00edsticas do BatuqueMineiro do Ingoma e a Caravana Mezcla de Palha\u00e7os com Marcos Marinho.<\/p>\n<div>A participa\u00e7\u00e3o \u00e9 aberta a todas aspessoas que queiram fazer algo em defesa da Amaz\u00f4nia e de seus Povos. N\u00e3o h\u00e1exig\u00eancia de inscri\u00e7\u00e3o pr\u00e9via. Durante o evento haver\u00e1 um caf\u00e9 partilhado; secada participante trouxer algo para comer ou beber, o momento ficar\u00e1 maisgostoso.<\/div>\n<\/div>\n<div><img decoding=\"async\" src=\"http:\/\/webmail.x6web.com\/?\/Raw\/View\/39\/2MvwU_lfVAgVjLrP-NlhBrHceUD8TkMGeqr6aUHG9i7qepvtCsZsjvfCCcl5WSN5vaQcYLHj0W11iEbzrSUKCSNZAoWTnInG_uQHWxkGTDy40l1SUBnU_YY8jPnJ2rXIJn48BOzHjjWiu3npBdIcULpKFy_Z2iloEHyESLor_6IWTen7HMakXe6aLfXtVOrMZZ1SWoQF8BnXKTgyh_1Xi54ilRwTHAG8U7j6ll90UD1AWApPMh05k0Vg3b87romh\/0\" alt=\"Imagem incorporada\" \/><\/div>\n","protected":false},"excerpt":{"rendered":"<p>\u00a0O debate sobre a Amaz\u00f4nia e os interesses econ\u00f4micos e pol\u00edticosque a amea\u00e7am chega a Juiz de Fora. Os recentes inc\u00eandios com repercuss\u00e3ointernacional aumentam a import\u00e2ncia da defesa da floresta e de seus povos. Adiscuss\u00e3o chegou aos movimentos sociais de todo o Brasil que, j\u00e1 antes dos\u00faltimos acontecimentos, se mobilizam contra a devasta\u00e7\u00e3o da maiorbiodiversidade [&hellip;]<\/p>\n","protected":false},"author":96,"featured_media":130741,"comment_status":"closed","ping_status":"closed","sticky":false,"template":"","format":"standard","meta":{"footnotes":""},"categories":[253,436,439],"tags":[],"class_list":["post-148201","post","type-post","status-publish","format-standard","has-post-thumbnail","hentry","category-cidade","category-destaque-da-semana","category-ultima-hora"],"_links":{"self":[{"href":"https:\/\/diarioregionaldigital.com.br\/index.php?rest_route=\/wp\/v2\/posts\/148201","targetHints":{"allow":["GET"]}}],"collection":[{"href":"https:\/\/diarioregionaldigital.com.br\/index.php?rest_route=\/wp\/v2\/posts"}],"about":[{"href":"https:\/\/diarioregionaldigital.com.br\/index.php?rest_route=\/wp\/v2\/types\/post"}],"author":[{"embeddable":true,"href":"https:\/\/diarioregionaldigital.com.br\/index.php?rest_route=\/wp\/v2\/users\/96"}],"replies":[{"embeddable":true,"href":"https:\/\/diarioregionaldigital.com.br\/index.php?rest_route=%2Fwp%2Fv2%2Fcomments&post=148201"}],"version-history":[{"count":0,"href":"https:\/\/diarioregionaldigital.com.br\/index.php?rest_route=\/wp\/v2\/posts\/148201\/revisions"}],"wp:featuredmedia":[{"embeddable":true,"href":"https:\/\/diarioregionaldigital.com.br\/index.php?rest_route=\/wp\/v2\/media\/130741"}],"wp:attachment":[{"href":"https:\/\/diarioregionaldigital.com.br\/index.php?rest_route=%2Fwp%2Fv2%2Fmedia&parent=148201"}],"wp:term":[{"taxonomy":"category","embeddable":true,"href":"https:\/\/diarioregionaldigital.com.br\/index.php?rest_route=%2Fwp%2Fv2%2Fcategories&post=148201"},{"taxonomy":"post_tag","embeddable":true,"href":"https:\/\/diarioregionaldigital.com.br\/index.php?rest_route=%2Fwp%2Fv2%2Ftags&post=148201"}],"curies":[{"name":"wp","href":"https:\/\/api.w.org\/{rel}","templated":true}]}}