{"id":148192,"date":"2019-09-23T15:12:29","date_gmt":"2019-09-23T18:12:29","guid":{"rendered":"https:\/\/diarioregionaldigital.com.br\/?p=148192"},"modified":"2019-09-23T15:12:29","modified_gmt":"2019-09-23T18:12:29","slug":"vereadores-terao-ate-r-52-milhoes-para-as-emendas-impositivas","status":"publish","type":"post","link":"https:\/\/diarioregionaldigital.com.br\/?p=148192","title":{"rendered":"Vereadores ter\u00e3o at\u00e9 R$ 5,2 milh\u00f5es para as emendas impositivas"},"content":{"rendered":"<p>Com a estimativa de receitas prevista na LDO, sendo a Receita Total de R$2,17 bilh\u00f5es e a Receita Corrente L\u00edquida (RCL) de R$1,75 bilh\u00f5es, os vereadores ter\u00e3o at\u00e9 R$275 mil para indicar suas emendas individuais. Somando os valores de cada parlamentar, a quantia chega a R$5,2 milh\u00f5es que poder\u00e3o ser direcionados para entidades p\u00fablicas ou privadas sem fins lucrativos, al\u00e9m da destina\u00e7\u00e3o \u00e0 sa\u00fade, educa\u00e7\u00e3o, esporte e lazer, infraestrutura, asfaltamento, ilumina\u00e7\u00e3o p\u00fablica, de forma a\u00a0 solucionar as demandas que recebem da popula\u00e7\u00e3o.<\/p>\n<p>Esse valor \u00e9 delimitado de acordo com as regras da Emenda \u00e0 Lei Org\u00e2nica que foi aprovada na reuni\u00e3o de ter\u00e7a-feira, 17. Com as novas regras, o Executivo fica vinculado a executar as indica\u00e7\u00f5es dos vereadores, dando retorno \u00e0 sociedade. De acordo com o texto, 0,3% da Receita Corrente L\u00edquida (RCL) ser\u00e3o direcionados para as emendas individuais na Lei Or\u00e7ament\u00e1ria Anual (LOA). Al\u00e9m disso, 30% desses R$275 mil, ou seja, R$82 mil ser\u00e3o indicados para a\u00e7\u00f5es em prol da sa\u00fade no munic\u00edpio.<\/p>\n<p>De acordo com a justificativa do PL redigida pelos proponentes, tal disposi\u00e7\u00e3o encontra-se devidamente taxativa e discriminada tanto na Constitui\u00e7\u00e3o Federal quanto na Constitui\u00e7\u00e3o do Estado de Minas Gerais \u201ca respeito de seus respectivos or\u00e7amentos, raz\u00e3o pela qual faz-se prudente e legal tamb\u00e9m que a Lei Org\u00e2nica Municipal dentro da sua compet\u00eancia legislativa e or\u00e7ament\u00e1ria tamb\u00e9m discrimine o respectivo valor como forma de deixar claro o quantum da sua obrigatoriedade a ser cumprida pelo Poder Executivo\u201d.<\/p>\n<p>Ap\u00f3s aprova\u00e7\u00e3o, o projeto segue para promulga\u00e7\u00e3o em at\u00e9 5 dias \u00fateis. Assinam a proposta de emenda os vereadores: Juraci Scheffer (PT), Luiz Ot\u00e1vio Coelho (Pardal \u2013 PTC), Rodrigo Mattos (PHS), Wanderson Castelar (PT), Ana Rossignoli (MDB), Dr. Fiorilo (PTC), Dr. Ant\u00f4nio Aguiar (MDB), Dr. Adriano Miranda (PHS), Jo\u00e3o Coteca (PR), Kennedy Ribeiro (MDB), Marlon Siqueira (MDB), J\u00falio Obama Jr. (PHS) e Wagner do Sindicato (PTB).<\/p>\n<p>Fonte: CMJF<\/p>\n","protected":false},"excerpt":{"rendered":"<p>Com a estimativa de receitas prevista na LDO, sendo a Receita Total de R$2,17 bilh\u00f5es e a Receita Corrente L\u00edquida (RCL) de R$1,75 bilh\u00f5es, os vereadores ter\u00e3o at\u00e9 R$275 mil para indicar suas emendas individuais. Somando os valores de cada parlamentar, a quantia chega a R$5,2 milh\u00f5es que poder\u00e3o ser direcionados para entidades p\u00fablicas ou [&hellip;]<\/p>\n","protected":false},"author":96,"featured_media":148194,"comment_status":"closed","ping_status":"closed","sticky":false,"template":"","format":"standard","meta":{"footnotes":""},"categories":[253,436,439],"tags":[],"class_list":["post-148192","post","type-post","status-publish","format-standard","has-post-thumbnail","hentry","category-cidade","category-destaque-da-semana","category-ultima-hora"],"_links":{"self":[{"href":"https:\/\/diarioregionaldigital.com.br\/index.php?rest_route=\/wp\/v2\/posts\/148192","targetHints":{"allow":["GET"]}}],"collection":[{"href":"https:\/\/diarioregionaldigital.com.br\/index.php?rest_route=\/wp\/v2\/posts"}],"about":[{"href":"https:\/\/diarioregionaldigital.com.br\/index.php?rest_route=\/wp\/v2\/types\/post"}],"author":[{"embeddable":true,"href":"https:\/\/diarioregionaldigital.com.br\/index.php?rest_route=\/wp\/v2\/users\/96"}],"replies":[{"embeddable":true,"href":"https:\/\/diarioregionaldigital.com.br\/index.php?rest_route=%2Fwp%2Fv2%2Fcomments&post=148192"}],"version-history":[{"count":0,"href":"https:\/\/diarioregionaldigital.com.br\/index.php?rest_route=\/wp\/v2\/posts\/148192\/revisions"}],"wp:featuredmedia":[{"embeddable":true,"href":"https:\/\/diarioregionaldigital.com.br\/index.php?rest_route=\/wp\/v2\/media\/148194"}],"wp:attachment":[{"href":"https:\/\/diarioregionaldigital.com.br\/index.php?rest_route=%2Fwp%2Fv2%2Fmedia&parent=148192"}],"wp:term":[{"taxonomy":"category","embeddable":true,"href":"https:\/\/diarioregionaldigital.com.br\/index.php?rest_route=%2Fwp%2Fv2%2Fcategories&post=148192"},{"taxonomy":"post_tag","embeddable":true,"href":"https:\/\/diarioregionaldigital.com.br\/index.php?rest_route=%2Fwp%2Fv2%2Ftags&post=148192"}],"curies":[{"name":"wp","href":"https:\/\/api.w.org\/{rel}","templated":true}]}}