{"id":148189,"date":"2019-09-23T13:57:05","date_gmt":"2019-09-23T16:57:05","guid":{"rendered":"https:\/\/diarioregionaldigital.com.br\/?p=148189"},"modified":"2019-09-23T13:57:05","modified_gmt":"2019-09-23T16:57:05","slug":"gastos-de-brasileiros-em-viagens-internacionais-caem-52-em-agosto","status":"publish","type":"post","link":"https:\/\/diarioregionaldigital.com.br\/?p=148189","title":{"rendered":"Gastos de brasileiros em viagens internacionais caem 5,2% em agosto"},"content":{"rendered":"<p>Com o d\u00f3lar em alta, as despesas de brasileiros em viagens ao exterior se reduziram em agosto. No m\u00eas passado, os gastos totalizaram US$ 1,309 bilh\u00e3o, com queda de 5,24% em rela\u00e7\u00e3o ao mesmo m\u00eas de 2018 (US$ 1,382 bilh\u00e3o). Os dados foram divulgados hoje (23) pelo Banco Central (BC).<\/p>\n<p>Nos oito meses do ano, esses gastos com viagens ao exterior tamb\u00e9m, est\u00e3o menores. Nesse per\u00edodo, as despesas chegaram a US$ 12,014 bilh\u00f5es, queda de 5,3% na compara\u00e7\u00e3o com o mesmo per\u00edodo do ano passado (US$ 12,686 bilh\u00f5es).<\/p>\n<p>As receitas de estrangeiros em viagem ao Brasil chegaram a US$ 464 milh\u00f5es no m\u00eas passado e a US$ 4,138 bilh\u00f5es em oito meses, com queda de 3,84% e de 0,04% respectivamente, na compara\u00e7\u00e3o com os mesmos per\u00edodos de 2018. Com isso, a conta de viagens, formadas pelas despesas e as receitas, fechou agosto negativa em US$ 846 milh\u00f5es e nos oito meses do ano com d\u00e9ficit de US$ 7,876 bilh\u00f5es.<\/p>\n<p>Fonte: Ag\u00eancia Brasil<\/p>\n","protected":false},"excerpt":{"rendered":"<p>Com o d\u00f3lar em alta, as despesas de brasileiros em viagens ao exterior se reduziram em agosto. No m\u00eas passado, os gastos totalizaram US$ 1,309 bilh\u00e3o, com queda de 5,24% em rela\u00e7\u00e3o ao mesmo m\u00eas de 2018 (US$ 1,382 bilh\u00e3o). Os dados foram divulgados hoje (23) pelo Banco Central (BC). Nos oito meses do ano, [&hellip;]<\/p>\n","protected":false},"author":96,"featured_media":148190,"comment_status":"closed","ping_status":"closed","sticky":false,"template":"","format":"standard","meta":{"footnotes":""},"categories":[436,261,439],"tags":[],"class_list":["post-148189","post","type-post","status-publish","format-standard","has-post-thumbnail","hentry","category-destaque-da-semana","category-economia","category-ultima-hora"],"_links":{"self":[{"href":"https:\/\/diarioregionaldigital.com.br\/index.php?rest_route=\/wp\/v2\/posts\/148189","targetHints":{"allow":["GET"]}}],"collection":[{"href":"https:\/\/diarioregionaldigital.com.br\/index.php?rest_route=\/wp\/v2\/posts"}],"about":[{"href":"https:\/\/diarioregionaldigital.com.br\/index.php?rest_route=\/wp\/v2\/types\/post"}],"author":[{"embeddable":true,"href":"https:\/\/diarioregionaldigital.com.br\/index.php?rest_route=\/wp\/v2\/users\/96"}],"replies":[{"embeddable":true,"href":"https:\/\/diarioregionaldigital.com.br\/index.php?rest_route=%2Fwp%2Fv2%2Fcomments&post=148189"}],"version-history":[{"count":0,"href":"https:\/\/diarioregionaldigital.com.br\/index.php?rest_route=\/wp\/v2\/posts\/148189\/revisions"}],"wp:featuredmedia":[{"embeddable":true,"href":"https:\/\/diarioregionaldigital.com.br\/index.php?rest_route=\/wp\/v2\/media\/148190"}],"wp:attachment":[{"href":"https:\/\/diarioregionaldigital.com.br\/index.php?rest_route=%2Fwp%2Fv2%2Fmedia&parent=148189"}],"wp:term":[{"taxonomy":"category","embeddable":true,"href":"https:\/\/diarioregionaldigital.com.br\/index.php?rest_route=%2Fwp%2Fv2%2Fcategories&post=148189"},{"taxonomy":"post_tag","embeddable":true,"href":"https:\/\/diarioregionaldigital.com.br\/index.php?rest_route=%2Fwp%2Fv2%2Ftags&post=148189"}],"curies":[{"name":"wp","href":"https:\/\/api.w.org\/{rel}","templated":true}]}}