{"id":148186,"date":"2019-09-23T13:50:43","date_gmt":"2019-09-23T16:50:43","guid":{"rendered":"https:\/\/diarioregionaldigital.com.br\/?p=148186"},"modified":"2019-09-23T13:50:43","modified_gmt":"2019-09-23T16:50:43","slug":"contas-externas-tem-deficit-de-us-427-bilhoes-em-agosto","status":"publish","type":"post","link":"https:\/\/diarioregionaldigital.com.br\/?p=148186","title":{"rendered":"Contas externas t\u00eam d\u00e9ficit de US$ 4,27 bilh\u00f5es em agosto"},"content":{"rendered":"<p>O d\u00e9ficit em transa\u00e7\u00f5es correntes, que s\u00e3o compras e vendas de mercadorias e servi\u00e7os e transfer\u00eancias de renda do Brasil com outros pa\u00edses, chegou a US$ 4,274 bilh\u00f5es, segundo dados divulgados hoje (23) pelo Banco Central (BC). O resultado ficou bem acima do registrado em igual m\u00eas de 2018: d\u00e9ficit de US$ 1,757 bilh\u00e3o.<\/p>\n<p>De janeiro a agosto, o d\u00e9ficit chegou a US$ 30,277 bilh\u00f5es, contra US$ 18,372 bilh\u00f5es em igual per\u00edodo do ano passado.<\/p>\n<p>Entre os dados das contas externas est\u00e1 a balan\u00e7a comercial, que registrou super\u00e1vit de US$ 2,664 bilh\u00f5es, em agosto e acumulou US$ 27,164 bilh\u00f5es, nos oito meses do ano.<\/p>\n<p>Por outro lado, a conta de servi\u00e7os (viagens internacionais, transporte, aluguel de investimentos, entre outros) registrou saldo negativo de US$ 2,461 bilh\u00f5es, em agosto, e de US$ 23,327 bilh\u00f5es, de janeiro a agosto deste ano.<\/p>\n<p>A conta renda prim\u00e1ria (lucros e dividendos, pagamentos de juros e sal\u00e1rios), que tamb\u00e9m faz parte das transa\u00e7\u00f5es correntes, ficou negativa em US$ 4,727 bilh\u00f5es no m\u00eas passado e em US$ 35,107 bilh\u00f5es, em oito meses.<\/p>\n<p>A conta de renda secund\u00e1ria (renda gerada em uma economia e distribu\u00edda para outra, como doa\u00e7\u00f5es e remessas de d\u00f3lares, sem contrapartida de servi\u00e7os ou bens) teve resultado positivo de US$ 249 milh\u00f5es, em agosto, e de US$ 992 milh\u00f5es, em oito meses.<\/p>\n<h2>Investimento estrangeiro<\/h2>\n<p>Em agosto, o resultado negativo para as contas externas foi totalmente coberto pelos investimentos diretos no pa\u00eds (IDP). Quando o pa\u00eds registra saldo negativo em transa\u00e7\u00f5es correntes precisa cobrir o d\u00e9ficit com investimentos ou empr\u00e9stimos no exterior.<\/p>\n<p>A melhor forma de financiamento do saldo negativo \u00e9 o IDP, porque os recursos s\u00e3o aplicados no setor produtivo. No m\u00eas passado, o IDP chegou a US$ 9,470 bilh\u00f5es, contra US$ 9,651 bilh\u00f5es de igual m\u00eas de 2018. De janeiro a agosto, esses investimentos totalizaram US$ 41,213 bilh\u00f5es, contra US$ 46,037 bilh\u00f5es em igual per\u00edodo do ano passado.<\/p>\n<h2>Nova metodologia<\/h2>\n<p>O BC informou\u00a0hoje\u00a0que revisou a metodologia de c\u00e1lculo das contas externas, com melhora nas fontes de informa\u00e7\u00f5es. \u201cAs revis\u00f5es no balan\u00e7o de pagamentos refletem o uso de novas fontes de dados para as transa\u00e7\u00f5es entre residentes e n\u00e3o residentes realizadas diretamente no exterior \u2013 buscando suprir esta que \u00e9 a mais importante lacuna de informa\u00e7\u00f5es no balan\u00e7o de pagamentos brasileiro \u2013, al\u00e9m da melhoria de qualidade de fontes j\u00e1 existentes\u201d, diz nota do BC.<\/p>\n<p>Com a revis\u00e3o da metodologia, o d\u00e9ficit de transa\u00e7\u00f5es correntes subiu de US$ 7,2 bilh\u00f5es para US$ 15 bilh\u00f5es, em 2017, de US$ 15 bilh\u00f5es para US$ 21,9 bilh\u00f5es, em 2018, de US$ 21,7 bilh\u00f5es para US$ 26 bilh\u00f5es, de janeiro a julho deste ano. Tamb\u00e9m houve altera\u00e7\u00e3o do IDP: US$ 70,3 bilh\u00f5es para US$ 68,9 bilh\u00f5es, em 2017, de US$ 88,3 bilh\u00f5es para US$ 76,8 bilh\u00f5es, em 2018, e de US$ 45 bilh\u00f5es para US$ 31,7 bilh\u00f5es, de janeiro a julho deste ano.<\/p>\n<p>Apesar do aumento do d\u00e9ficit das transa\u00e7\u00f5es correntes e redu\u00e7\u00e3o do IDP, o chefe do Departamento de Estat\u00edsticas do BC, Fernando Rocha, afirmou que a \u201csustentabilidade das contas externas continuam inalteradas\u201d. Ele destacou que o d\u00e9ficit em transa\u00e7\u00f5es correntes continuam sendo integralmente coberto pelo IDP.<\/p>\n<p>Fonte: Ag\u00eancia Brasil<\/p>\n","protected":false},"excerpt":{"rendered":"<p>O d\u00e9ficit em transa\u00e7\u00f5es correntes, que s\u00e3o compras e vendas de mercadorias e servi\u00e7os e transfer\u00eancias de renda do Brasil com outros pa\u00edses, chegou a US$ 4,274 bilh\u00f5es, segundo dados divulgados hoje (23) pelo Banco Central (BC). O resultado ficou bem acima do registrado em igual m\u00eas de 2018: d\u00e9ficit de US$ 1,757 bilh\u00e3o. De [&hellip;]<\/p>\n","protected":false},"author":96,"featured_media":143487,"comment_status":"closed","ping_status":"closed","sticky":false,"template":"","format":"standard","meta":{"footnotes":""},"categories":[436,261,439],"tags":[],"class_list":["post-148186","post","type-post","status-publish","format-standard","has-post-thumbnail","hentry","category-destaque-da-semana","category-economia","category-ultima-hora"],"_links":{"self":[{"href":"https:\/\/diarioregionaldigital.com.br\/index.php?rest_route=\/wp\/v2\/posts\/148186","targetHints":{"allow":["GET"]}}],"collection":[{"href":"https:\/\/diarioregionaldigital.com.br\/index.php?rest_route=\/wp\/v2\/posts"}],"about":[{"href":"https:\/\/diarioregionaldigital.com.br\/index.php?rest_route=\/wp\/v2\/types\/post"}],"author":[{"embeddable":true,"href":"https:\/\/diarioregionaldigital.com.br\/index.php?rest_route=\/wp\/v2\/users\/96"}],"replies":[{"embeddable":true,"href":"https:\/\/diarioregionaldigital.com.br\/index.php?rest_route=%2Fwp%2Fv2%2Fcomments&post=148186"}],"version-history":[{"count":0,"href":"https:\/\/diarioregionaldigital.com.br\/index.php?rest_route=\/wp\/v2\/posts\/148186\/revisions"}],"wp:featuredmedia":[{"embeddable":true,"href":"https:\/\/diarioregionaldigital.com.br\/index.php?rest_route=\/wp\/v2\/media\/143487"}],"wp:attachment":[{"href":"https:\/\/diarioregionaldigital.com.br\/index.php?rest_route=%2Fwp%2Fv2%2Fmedia&parent=148186"}],"wp:term":[{"taxonomy":"category","embeddable":true,"href":"https:\/\/diarioregionaldigital.com.br\/index.php?rest_route=%2Fwp%2Fv2%2Fcategories&post=148186"},{"taxonomy":"post_tag","embeddable":true,"href":"https:\/\/diarioregionaldigital.com.br\/index.php?rest_route=%2Fwp%2Fv2%2Ftags&post=148186"}],"curies":[{"name":"wp","href":"https:\/\/api.w.org\/{rel}","templated":true}]}}