{"id":148171,"date":"2019-09-22T06:00:45","date_gmt":"2019-09-22T09:00:45","guid":{"rendered":"https:\/\/diarioregionaldigital.com.br\/?p=148171"},"modified":"2019-09-20T17:40:32","modified_gmt":"2019-09-20T20:40:32","slug":"participacao-e-transparencia","status":"publish","type":"post","link":"https:\/\/diarioregionaldigital.com.br\/?p=148171","title":{"rendered":"Participa\u00e7\u00e3o e Transpar\u00eancia"},"content":{"rendered":"<p style=\"text-align: center;\"><strong>Participa\u00e7\u00e3o e Transpar\u00eancia<\/strong><\/p>\n<p style=\"text-align: center;\">A Prefeitura de Juiz de Fora lan\u00e7ou a p\u00e1gina da Ouvidoria Geral do Munic\u00edpio, iniciativa que tem o compromisso de aproximar o cidad\u00e3o das a\u00e7\u00f5es realizadas pela gest\u00e3o municipal. No espa\u00e7o virtual a popula\u00e7\u00e3o pode consultar sugest\u00f5es e elogios, al\u00e9m de participar de consultas p\u00fablicas.<\/p>\n<p style=\"text-align: center;\"><strong>Not\u00edcia Boa<\/strong><\/p>\n<p style=\"text-align: center;\">Projeto de lei do deputado Noraldino J\u00fanior est\u00e1 em tramita\u00e7\u00e3o na Assembleia, onde o Instituto Hist\u00f3rico e Geogr\u00e1fico e a Associa\u00e7\u00e3o de Cultura Luso-Brasileira devem ser reconhecidos como de relevante interesse cultural de Minas Gerais.<\/p>\n<p style=\"text-align: center;\"><strong>Aten\u00e7\u00e3o<\/strong><\/p>\n<p style=\"text-align: center;\">Na pressa em colocar o neg\u00f3cio na pra\u00e7a, os jovens empreendedores esquecem que t\u00eam algumas etapas importantes no caminho, como estudar o mercado antes. Segundo o Sebrae\/MG, \u00e9 preciso segurar a ansiedade e buscar a capacita\u00e7\u00e3o correta.<\/p>\n<p style=\"text-align: center;\"><strong>Voc\u00ea Sabia?<\/strong><\/p>\n<p style=\"text-align: center;\">A vida do cantor Belchior vai virar uma s\u00e9rie de fic\u00e7\u00e3o que ser\u00e1 produzida pela Urca Filmes e pelo canal Brasileiro com previs\u00e3o de estreia em 2021. Baseada na biografia escrita por Jotab\u00ea Medeiros, \u201cBelchior &#8211; apenas um rapaz latino americano\u201d, a obra vai mostra Belchior ainda jovem e an\u00f4nimo em 1966.<\/p>\n<p style=\"text-align: center;\"><strong>Press<\/strong><\/p>\n<p style=\"text-align: center;\">Professora da Universidade de Liverpool, Patr\u00edcia Rossini defende regula\u00e7\u00e3o mais r\u00edgida contra a desinforma\u00e7\u00e3o e diz que centralidade do WhatsApp amplia desafio e que ser\u00e1 mais dif\u00edcil controlar fake news na elei\u00e7\u00e3o municipal brasileira em 2020.<\/p>\n<p style=\"text-align: center;\"><strong>Economia<\/strong><\/p>\n<p style=\"text-align: center;\">Com muito apetite, o Carrefour Brasil est\u00e1 negociando a compra da opera\u00e7\u00e3o brasileira do Makro. O valor da transa\u00e7\u00e3o gira em torno de R$ 5 bilh\u00f5es.<\/p>\n<p style=\"text-align: center;\"><strong>Lan\u00e7amento<\/strong><\/p>\n<p style=\"text-align: center;\">Foi durante o happy-hour na Costelaria do Z\u00e9, no t\u00e9rreo do Trade Hotel, o lan\u00e7amento oficial do \u201cPrograma Eduardo Gomes\u201d exibido na Web pela RCWTV. Em clima intimista, amigos foram prestigiar este colunista. As fotos de Marc\u00edlio Gomes s\u00e3o destaque hoje nesta p\u00e1gina.<\/p>\n<div id=\"attachment_148102\" style=\"width: 690px\" class=\"wp-caption aligncenter\"><img loading=\"lazy\" decoding=\"async\" aria-describedby=\"caption-attachment-148102\" class=\"wp-image-148102\" src=\"https:\/\/diarioregionaldigital.com.br\/wp-content\/uploads\/2019\/09\/fotoa-14.jpg\" alt=\"\" width=\"680\" height=\"455\" srcset=\"https:\/\/diarioregionaldigital.com.br\/wp-content\/uploads\/2019\/09\/fotoa-14.jpg 1758w, https:\/\/diarioregionaldigital.com.br\/wp-content\/uploads\/2019\/09\/fotoa-14-300x201.jpg 300w, https:\/\/diarioregionaldigital.com.br\/wp-content\/uploads\/2019\/09\/fotoa-14-768x514.jpg 768w, https:\/\/diarioregionaldigital.com.br\/wp-content\/uploads\/2019\/09\/fotoa-14-1024x685.jpg 1024w, https:\/\/diarioregionaldigital.com.br\/wp-content\/uploads\/2019\/09\/fotoa-14-360x241.jpg 360w\" sizes=\"auto, (max-width: 680px) 100vw, 680px\" \/><p id=\"caption-attachment-148102\" class=\"wp-caption-text\">Eduardo Gomes e o gerente do Trade Hotel, Jos\u00e9 Carlos Branco<\/p><\/div>\n<div id=\"attachment_148103\" style=\"width: 690px\" class=\"wp-caption aligncenter\"><img loading=\"lazy\" decoding=\"async\" aria-describedby=\"caption-attachment-148103\" class=\"wp-image-148103\" src=\"https:\/\/diarioregionaldigital.com.br\/wp-content\/uploads\/2019\/09\/fotob-14-e1569012006343.jpg\" alt=\"\" width=\"680\" height=\"488\" srcset=\"https:\/\/diarioregionaldigital.com.br\/wp-content\/uploads\/2019\/09\/fotob-14-e1569012006343.jpg 1174w, https:\/\/diarioregionaldigital.com.br\/wp-content\/uploads\/2019\/09\/fotob-14-e1569012006343-300x215.jpg 300w, https:\/\/diarioregionaldigital.com.br\/wp-content\/uploads\/2019\/09\/fotob-14-e1569012006343-768x551.jpg 768w, https:\/\/diarioregionaldigital.com.br\/wp-content\/uploads\/2019\/09\/fotob-14-e1569012006343-1024x735.jpg 1024w, https:\/\/diarioregionaldigital.com.br\/wp-content\/uploads\/2019\/09\/fotob-14-e1569012006343-360x259.jpg 360w\" sizes=\"auto, (max-width: 680px) 100vw, 680px\" \/><p id=\"caption-attachment-148103\" class=\"wp-caption-text\">V\u00e2nia Borato, Eduardo Gomes, Helenise Machado<\/p><\/div>\n<div id=\"attachment_148104\" style=\"width: 690px\" class=\"wp-caption aligncenter\"><img loading=\"lazy\" decoding=\"async\" aria-describedby=\"caption-attachment-148104\" class=\"wp-image-148104\" src=\"https:\/\/diarioregionaldigital.com.br\/wp-content\/uploads\/2019\/09\/fotoc-13-e1569011945995.jpg\" alt=\"\" width=\"680\" height=\"494\" srcset=\"https:\/\/diarioregionaldigital.com.br\/wp-content\/uploads\/2019\/09\/fotoc-13-e1569011945995.jpg 1176w, https:\/\/diarioregionaldigital.com.br\/wp-content\/uploads\/2019\/09\/fotoc-13-e1569011945995-300x218.jpg 300w, https:\/\/diarioregionaldigital.com.br\/wp-content\/uploads\/2019\/09\/fotoc-13-e1569011945995-768x558.jpg 768w, https:\/\/diarioregionaldigital.com.br\/wp-content\/uploads\/2019\/09\/fotoc-13-e1569011945995-1024x744.jpg 1024w, https:\/\/diarioregionaldigital.com.br\/wp-content\/uploads\/2019\/09\/fotoc-13-e1569011945995-360x261.jpg 360w\" sizes=\"auto, (max-width: 680px) 100vw, 680px\" \/><p id=\"caption-attachment-148104\" class=\"wp-caption-text\">Ivete Gomes e Carlos Roberto Dessid\u00e9rio<\/p><\/div>\n<div id=\"attachment_148105\" style=\"width: 690px\" class=\"wp-caption aligncenter\"><img loading=\"lazy\" decoding=\"async\" aria-describedby=\"caption-attachment-148105\" class=\"wp-image-148105\" src=\"https:\/\/diarioregionaldigital.com.br\/wp-content\/uploads\/2019\/09\/fotod-13-e1569011911791.jpg\" alt=\"\" width=\"680\" height=\"491\" srcset=\"https:\/\/diarioregionaldigital.com.br\/wp-content\/uploads\/2019\/09\/fotod-13-e1569011911791.jpg 1260w, https:\/\/diarioregionaldigital.com.br\/wp-content\/uploads\/2019\/09\/fotod-13-e1569011911791-300x217.jpg 300w, https:\/\/diarioregionaldigital.com.br\/wp-content\/uploads\/2019\/09\/fotod-13-e1569011911791-768x555.jpg 768w, https:\/\/diarioregionaldigital.com.br\/wp-content\/uploads\/2019\/09\/fotod-13-e1569011911791-1024x740.jpg 1024w, https:\/\/diarioregionaldigital.com.br\/wp-content\/uploads\/2019\/09\/fotod-13-e1569011911791-360x260.jpg 360w\" sizes=\"auto, (max-width: 680px) 100vw, 680px\" \/><p id=\"caption-attachment-148105\" class=\"wp-caption-text\">Eduardo Gomes, Eliane Matta e Iris C\u00e9sar<\/p><\/div>\n<div id=\"attachment_148106\" style=\"width: 690px\" class=\"wp-caption aligncenter\"><img loading=\"lazy\" decoding=\"async\" aria-describedby=\"caption-attachment-148106\" class=\"wp-image-148106\" src=\"https:\/\/diarioregionaldigital.com.br\/wp-content\/uploads\/2019\/09\/fotoe-12.jpg\" alt=\"\" width=\"680\" height=\"553\" srcset=\"https:\/\/diarioregionaldigital.com.br\/wp-content\/uploads\/2019\/09\/fotoe-12.jpg 1182w, https:\/\/diarioregionaldigital.com.br\/wp-content\/uploads\/2019\/09\/fotoe-12-300x244.jpg 300w, https:\/\/diarioregionaldigital.com.br\/wp-content\/uploads\/2019\/09\/fotoe-12-768x625.jpg 768w, https:\/\/diarioregionaldigital.com.br\/wp-content\/uploads\/2019\/09\/fotoe-12-1024x833.jpg 1024w, https:\/\/diarioregionaldigital.com.br\/wp-content\/uploads\/2019\/09\/fotoe-12-220x180.jpg 220w, https:\/\/diarioregionaldigital.com.br\/wp-content\/uploads\/2019\/09\/fotoe-12-360x293.jpg 360w\" sizes=\"auto, (max-width: 680px) 100vw, 680px\" \/><p id=\"caption-attachment-148106\" class=\"wp-caption-text\">Ivete Gomes, Eduardo Gomes, Toninho Cunha<\/p><\/div>\n<div id=\"attachment_148108\" style=\"width: 690px\" class=\"wp-caption aligncenter\"><img loading=\"lazy\" decoding=\"async\" aria-describedby=\"caption-attachment-148108\" class=\"wp-image-148108\" src=\"https:\/\/diarioregionaldigital.com.br\/wp-content\/uploads\/2019\/09\/fotog-14-e1569011509214.jpg\" alt=\"\" width=\"680\" height=\"490\" srcset=\"https:\/\/diarioregionaldigital.com.br\/wp-content\/uploads\/2019\/09\/fotog-14-e1569011509214.jpg 1316w, https:\/\/diarioregionaldigital.com.br\/wp-content\/uploads\/2019\/09\/fotog-14-e1569011509214-300x216.jpg 300w, https:\/\/diarioregionaldigital.com.br\/wp-content\/uploads\/2019\/09\/fotog-14-e1569011509214-768x554.jpg 768w, https:\/\/diarioregionaldigital.com.br\/wp-content\/uploads\/2019\/09\/fotog-14-e1569011509214-1024x738.jpg 1024w, https:\/\/diarioregionaldigital.com.br\/wp-content\/uploads\/2019\/09\/fotog-14-e1569011509214-360x260.jpg 360w\" sizes=\"auto, (max-width: 680px) 100vw, 680px\" \/><p id=\"caption-attachment-148108\" class=\"wp-caption-text\">Aurea Almeida, Meire Milhomens, Silv\u00e2nia Parma, Rose Oliveira e Patr\u00edcia Sadala<\/p><\/div>\n<div id=\"attachment_148107\" style=\"width: 690px\" class=\"wp-caption aligncenter\"><img loading=\"lazy\" decoding=\"async\" aria-describedby=\"caption-attachment-148107\" class=\"wp-image-148107\" src=\"https:\/\/diarioregionaldigital.com.br\/wp-content\/uploads\/2019\/09\/fotof-14-e1569011448802.jpg\" alt=\"\" width=\"680\" height=\"507\" srcset=\"https:\/\/diarioregionaldigital.com.br\/wp-content\/uploads\/2019\/09\/fotof-14-e1569011448802.jpg 926w, https:\/\/diarioregionaldigital.com.br\/wp-content\/uploads\/2019\/09\/fotof-14-e1569011448802-300x224.jpg 300w, https:\/\/diarioregionaldigital.com.br\/wp-content\/uploads\/2019\/09\/fotof-14-e1569011448802-768x573.jpg 768w, https:\/\/diarioregionaldigital.com.br\/wp-content\/uploads\/2019\/09\/fotof-14-e1569011448802-360x269.jpg 360w\" sizes=\"auto, (max-width: 680px) 100vw, 680px\" \/><p id=\"caption-attachment-148107\" class=\"wp-caption-text\">Rose Oliveira e Eduardo Gomes<\/p><\/div>\n<div id=\"attachment_148109\" style=\"width: 690px\" class=\"wp-caption aligncenter\"><img loading=\"lazy\" decoding=\"async\" aria-describedby=\"caption-attachment-148109\" class=\"wp-image-148109\" src=\"https:\/\/diarioregionaldigital.com.br\/wp-content\/uploads\/2019\/09\/fotoh-13.jpg\" alt=\"\" width=\"680\" height=\"457\" srcset=\"https:\/\/diarioregionaldigital.com.br\/wp-content\/uploads\/2019\/09\/fotoh-13.jpg 1776w, https:\/\/diarioregionaldigital.com.br\/wp-content\/uploads\/2019\/09\/fotoh-13-300x202.jpg 300w, https:\/\/diarioregionaldigital.com.br\/wp-content\/uploads\/2019\/09\/fotoh-13-768x516.jpg 768w, https:\/\/diarioregionaldigital.com.br\/wp-content\/uploads\/2019\/09\/fotoh-13-1024x688.jpg 1024w, https:\/\/diarioregionaldigital.com.br\/wp-content\/uploads\/2019\/09\/fotoh-13-360x242.jpg 360w\" sizes=\"auto, (max-width: 680px) 100vw, 680px\" \/><p id=\"caption-attachment-148109\" class=\"wp-caption-text\">Gilberto Peixoto (Telekete), Patr\u00edcia Caniato, Christina Baldioti e Fernando Luiz (Baleia) Baldioti<\/p><\/div>\n<div id=\"attachment_148110\" style=\"width: 690px\" class=\"wp-caption aligncenter\"><img loading=\"lazy\" decoding=\"async\" aria-describedby=\"caption-attachment-148110\" class=\"wp-image-148110\" src=\"https:\/\/diarioregionaldigital.com.br\/wp-content\/uploads\/2019\/09\/fotoi-13.jpg\" alt=\"\" width=\"680\" height=\"456\" srcset=\"https:\/\/diarioregionaldigital.com.br\/wp-content\/uploads\/2019\/09\/fotoi-13.jpg 1770w, https:\/\/diarioregionaldigital.com.br\/wp-content\/uploads\/2019\/09\/fotoi-13-300x201.jpg 300w, https:\/\/diarioregionaldigital.com.br\/wp-content\/uploads\/2019\/09\/fotoi-13-768x515.jpg 768w, https:\/\/diarioregionaldigital.com.br\/wp-content\/uploads\/2019\/09\/fotoi-13-1024x687.jpg 1024w, https:\/\/diarioregionaldigital.com.br\/wp-content\/uploads\/2019\/09\/fotoi-13-360x242.jpg 360w\" sizes=\"auto, (max-width: 680px) 100vw, 680px\" \/><p id=\"caption-attachment-148110\" class=\"wp-caption-text\">Esmeralda de Oliveira e Ivanir de Oliveira<\/p><\/div>\n<div id=\"attachment_148111\" style=\"width: 690px\" class=\"wp-caption aligncenter\"><img loading=\"lazy\" decoding=\"async\" aria-describedby=\"caption-attachment-148111\" class=\"wp-image-148111\" src=\"https:\/\/diarioregionaldigital.com.br\/wp-content\/uploads\/2019\/09\/fotoj-12.jpg\" alt=\"\" width=\"680\" height=\"458\" srcset=\"https:\/\/diarioregionaldigital.com.br\/wp-content\/uploads\/2019\/09\/fotoj-12.jpg 1764w, https:\/\/diarioregionaldigital.com.br\/wp-content\/uploads\/2019\/09\/fotoj-12-300x202.jpg 300w, https:\/\/diarioregionaldigital.com.br\/wp-content\/uploads\/2019\/09\/fotoj-12-768x517.jpg 768w, https:\/\/diarioregionaldigital.com.br\/wp-content\/uploads\/2019\/09\/fotoj-12-1024x690.jpg 1024w, https:\/\/diarioregionaldigital.com.br\/wp-content\/uploads\/2019\/09\/fotoj-12-360x242.jpg 360w\" sizes=\"auto, (max-width: 680px) 100vw, 680px\" \/><p id=\"caption-attachment-148111\" class=\"wp-caption-text\">Beth Ank, Marcos Carneiro, Ivete Gomes e Henrique Souza<\/p><\/div>\n<div id=\"attachment_148112\" style=\"width: 690px\" class=\"wp-caption aligncenter\"><img loading=\"lazy\" decoding=\"async\" aria-describedby=\"caption-attachment-148112\" class=\"wp-image-148112\" src=\"https:\/\/diarioregionaldigital.com.br\/wp-content\/uploads\/2019\/09\/fotol-9.jpg\" alt=\"\" width=\"680\" height=\"449\" srcset=\"https:\/\/diarioregionaldigital.com.br\/wp-content\/uploads\/2019\/09\/fotol-9.jpg 1770w, https:\/\/diarioregionaldigital.com.br\/wp-content\/uploads\/2019\/09\/fotol-9-300x198.jpg 300w, https:\/\/diarioregionaldigital.com.br\/wp-content\/uploads\/2019\/09\/fotol-9-768x508.jpg 768w, https:\/\/diarioregionaldigital.com.br\/wp-content\/uploads\/2019\/09\/fotol-9-1024x677.jpg 1024w, https:\/\/diarioregionaldigital.com.br\/wp-content\/uploads\/2019\/09\/fotol-9-1440x950.jpg 1440w, https:\/\/diarioregionaldigital.com.br\/wp-content\/uploads\/2019\/09\/fotol-9-360x238.jpg 360w\" sizes=\"auto, (max-width: 680px) 100vw, 680px\" \/><p id=\"caption-attachment-148112\" class=\"wp-caption-text\">Junior Caiafa, Gustavo Almeida, Rose Oliveira e Eduardo Gomes<\/p><\/div>\n<div id=\"attachment_148113\" style=\"width: 690px\" class=\"wp-caption aligncenter\"><img loading=\"lazy\" decoding=\"async\" aria-describedby=\"caption-attachment-148113\" class=\"wp-image-148113\" src=\"https:\/\/diarioregionaldigital.com.br\/wp-content\/uploads\/2019\/09\/fotom-4.jpg\" alt=\"\" width=\"680\" height=\"496\" srcset=\"https:\/\/diarioregionaldigital.com.br\/wp-content\/uploads\/2019\/09\/fotom-4.jpg 1182w, https:\/\/diarioregionaldigital.com.br\/wp-content\/uploads\/2019\/09\/fotom-4-300x219.jpg 300w, https:\/\/diarioregionaldigital.com.br\/wp-content\/uploads\/2019\/09\/fotom-4-768x560.jpg 768w, https:\/\/diarioregionaldigital.com.br\/wp-content\/uploads\/2019\/09\/fotom-4-1024x747.jpg 1024w, https:\/\/diarioregionaldigital.com.br\/wp-content\/uploads\/2019\/09\/fotom-4-360x263.jpg 360w\" sizes=\"auto, (max-width: 680px) 100vw, 680px\" \/><p id=\"caption-attachment-148113\" class=\"wp-caption-text\">Geraldo Gomes, Elias Amaro, Erc\u00edlia Nunes, Eduardo Gomes e Rose Oliveira<\/p><\/div>\n<p style=\"text-align: center;\"><strong>FOTOSS\u00cdNTESE<\/strong><\/p>\n<p>Com a abertura da primavera iniciamos um novo c\u00edrculo social, reunindo nessa coluna, gente empreendedora e os rostos mais bonitos da cidade.<\/p>\n<p>Para o dia 24 de setembro, em Tiradentes (MG), acontece o II Encontro de Saberes Tradicionais Mineiros com Guardi\u00e3s de Saberes Benzedeiras e Rezadeiras. Ser\u00e1 na Pizza Raro, no \u00c1guas Santas.<\/p>\n<p>O Mr. Tugas avisa que os \u2018vouchers\u2019 da Campanha Sabor do Bem j\u00e1 est\u00e3o \u00e0 venda. Os t\u00edquetes de R$50 podem ser consumidos at\u00e9 o final do ano, com 50% destinados a Funda\u00e7\u00e3o Ricardo Moys\u00e9s Jr.<\/p>\n<p>Aline e Andr\u00e9a Saggioro receberam a atriz Christiane Torloni para jantar do Buffalo Wings. Com ela, o pai Geraldo Matheus e sua m\u00e3e Monah Delacy.<\/p>\n<p>Aluno de Maria Alice Mendon\u00e7a, o pianista Tiago Perissinotto faturou o segundo lugar no Concurso Sul-Ameriacano \u201cEdna Basseti Habith\u201d, em Curitiba.<\/p>\n<p>Nos dias 26 e 27 de setembro acontece no Trade Hotel o VIII F\u00f3rum de Desenvolvimento da ADJFR. Em cena produtividade, compet\u00eancia e inova\u00e7\u00e3o, pilares do desenvolvimento sustent\u00e1vel.<\/p>\n<p>Encravada no Forum da Cultura da UFJF a exposi\u00e7\u00e3o \u201cAmarelo\u201d, com belos trabalhos do artista Wagner Fortes e do fot\u00f3grafo Abiacyr Scio Bezerra.<\/p>\n<p>Homenageado do Festival Liter\u00e1rio de S\u00e3o Jo\u00e3o del-Rei, Milton Hatoum se prepara para lan\u00e7ar o livro \u201cPonto de fuga\u201d, em novembro.<\/p>\n<p>Dica: as del\u00edcias light em potes encontradas na V\u00f3 Sinh\u00e1. S\u00e3o doces com leite, caf\u00e9, raspas de chocolate e am\u00e9ndoas em forma de pav\u00ea.<\/p>\n<p>Os g\u00eameos Bernardo e Eduardo da Rocha Azevedo festejam anivers\u00e1rio de 7 anos dia 6 de outubro. Parab\u00e9ns.<\/p>\n<p>Um ax\u00e9 especial para o querido amigo Felipe de Paula.<\/p>\n<p>Para sacar: \u201cA mesma \u00e1gua fervente que amolece a batata, tamb\u00e9m torna o ovo duro. N\u00e3o s\u00e3o as circunst\u00e2ncias que mudam as pessoas, mas sim o que tem dentro delas\u201d. Bom dia.<\/p>\n<p><img loading=\"lazy\" decoding=\"async\" class=\"aligncenter size-full wp-image-148172\" src=\"https:\/\/diarioregionaldigital.com.br\/wp-content\/uploads\/2019\/09\/arte-coluna-social-2-NOVO.png\" alt=\"\" width=\"3508\" height=\"709\" srcset=\"https:\/\/diarioregionaldigital.com.br\/wp-content\/uploads\/2019\/09\/arte-coluna-social-2-NOVO.png 3508w, https:\/\/diarioregionaldigital.com.br\/wp-content\/uploads\/2019\/09\/arte-coluna-social-2-NOVO-300x61.png 300w, https:\/\/diarioregionaldigital.com.br\/wp-content\/uploads\/2019\/09\/arte-coluna-social-2-NOVO-768x155.png 768w, https:\/\/diarioregionaldigital.com.br\/wp-content\/uploads\/2019\/09\/arte-coluna-social-2-NOVO-1024x207.png 1024w, https:\/\/diarioregionaldigital.com.br\/wp-content\/uploads\/2019\/09\/arte-coluna-social-2-NOVO-360x73.png 360w\" sizes=\"auto, (max-width: 3508px) 100vw, 3508px\" \/><\/p>\n","protected":false},"excerpt":{"rendered":"<p>Participa\u00e7\u00e3o e Transpar\u00eancia A Prefeitura de Juiz de Fora lan\u00e7ou a p\u00e1gina da Ouvidoria Geral do Munic\u00edpio, iniciativa que tem o compromisso de aproximar o cidad\u00e3o das a\u00e7\u00f5es realizadas pela gest\u00e3o municipal. No espa\u00e7o virtual a popula\u00e7\u00e3o pode consultar sugest\u00f5es e elogios, al\u00e9m de participar de consultas p\u00fablicas. Not\u00edcia Boa Projeto de lei do deputado [&hellip;]<\/p>\n","protected":false},"author":96,"featured_media":148102,"comment_status":"closed","ping_status":"closed","sticky":false,"template":"","format":"standard","meta":{"footnotes":""},"categories":[264],"tags":[],"class_list":["post-148171","post","type-post","status-publish","format-standard","has-post-thumbnail","hentry","category-eduardo-gomes"],"_links":{"self":[{"href":"https:\/\/diarioregionaldigital.com.br\/index.php?rest_route=\/wp\/v2\/posts\/148171","targetHints":{"allow":["GET"]}}],"collection":[{"href":"https:\/\/diarioregionaldigital.com.br\/index.php?rest_route=\/wp\/v2\/posts"}],"about":[{"href":"https:\/\/diarioregionaldigital.com.br\/index.php?rest_route=\/wp\/v2\/types\/post"}],"author":[{"embeddable":true,"href":"https:\/\/diarioregionaldigital.com.br\/index.php?rest_route=\/wp\/v2\/users\/96"}],"replies":[{"embeddable":true,"href":"https:\/\/diarioregionaldigital.com.br\/index.php?rest_route=%2Fwp%2Fv2%2Fcomments&post=148171"}],"version-history":[{"count":0,"href":"https:\/\/diarioregionaldigital.com.br\/index.php?rest_route=\/wp\/v2\/posts\/148171\/revisions"}],"wp:featuredmedia":[{"embeddable":true,"href":"https:\/\/diarioregionaldigital.com.br\/index.php?rest_route=\/wp\/v2\/media\/148102"}],"wp:attachment":[{"href":"https:\/\/diarioregionaldigital.com.br\/index.php?rest_route=%2Fwp%2Fv2%2Fmedia&parent=148171"}],"wp:term":[{"taxonomy":"category","embeddable":true,"href":"https:\/\/diarioregionaldigital.com.br\/index.php?rest_route=%2Fwp%2Fv2%2Fcategories&post=148171"},{"taxonomy":"post_tag","embeddable":true,"href":"https:\/\/diarioregionaldigital.com.br\/index.php?rest_route=%2Fwp%2Fv2%2Ftags&post=148171"}],"curies":[{"name":"wp","href":"https:\/\/api.w.org\/{rel}","templated":true}]}}