{"id":148168,"date":"2019-09-20T17:03:02","date_gmt":"2019-09-20T20:03:02","guid":{"rendered":"https:\/\/diarioregionaldigital.com.br\/?p=148168"},"modified":"2019-09-20T17:03:02","modified_gmt":"2019-09-20T20:03:02","slug":"comissao-mista-debate-medida-provisoria-que-antecipa-13-salario","status":"publish","type":"post","link":"https:\/\/diarioregionaldigital.com.br\/?p=148168","title":{"rendered":"Comiss\u00e3o mista debate medida provis\u00f3ria que antecipa 13\u00b0 sal\u00e1rio"},"content":{"rendered":"<p>A comiss\u00e3o mista da medida provis\u00f3ria que antecipa o pagamento de parte do 13\u00ba sal\u00e1rio (<a class=\"external-link\" href=\"http:\/\/www.congressonacional.leg.br\/materias\/medidas-provisorias\/-\/mpv\/137871\">MP 891\/2019<\/a>) vai debater a quest\u00e3o em audi\u00eancia p\u00fablica na quarta-feira (25). A MP editada pelo presidente Jair Bolsonaro determina que metade do 13\u00b0 sal\u00e1rio dos segurados e dependentes da Previd\u00eancia Social ser\u00e1 paga juntamente com os benef\u00edcios do m\u00eas de agosto todos os anos.<\/p>\n<p>Foram convidados para participar da reuni\u00e3o um representante do Instituto Nacional do Seguro Social (INSS) e os diretores de programa da Secretaria Especial de Previd\u00eancia e Trabalho do Minist\u00e9rio da Economia, Miguel Cabrera Kauam e Benedito Adalberto Brunca.<\/p>\n<p>Antes da MP, a antecipa\u00e7\u00e3o dos valores j\u00e1 era feita, mas precisava ser confirmada a cada ano pelo governo. No ano passado, por exemplo, o ent\u00e3o presidente Michel Temer assinou um decreto tratando do assunto.<\/p>\n<p>A MP tamb\u00e9m estabelece que a an\u00e1lise dos processos administrativos de requerimento inicial e de revis\u00e3o de benef\u00edcios administrados pelo INSS cujo prazo legal para conclus\u00e3o tenha expirado at\u00e9 15 de junho de 2019 integrar\u00e1 o Programa Especial para An\u00e1lise de Benef\u00edcios com Ind\u00edcios de Irregularidade.<\/p>\n<p>A audi\u00eancia ser\u00e1 \u00e0s 14h30, na sala 9 da Ala Alexandre Costa.<\/p>\n<p>Fonte: Ag\u00eancia Senado<\/p>\n","protected":false},"excerpt":{"rendered":"<p>A comiss\u00e3o mista da medida provis\u00f3ria que antecipa o pagamento de parte do 13\u00ba sal\u00e1rio (MP 891\/2019) vai debater a quest\u00e3o em audi\u00eancia p\u00fablica na quarta-feira (25). A MP editada pelo presidente Jair Bolsonaro determina que metade do 13\u00b0 sal\u00e1rio dos segurados e dependentes da Previd\u00eancia Social ser\u00e1 paga juntamente com os benef\u00edcios do m\u00eas [&hellip;]<\/p>\n","protected":false},"author":96,"featured_media":148169,"comment_status":"closed","ping_status":"closed","sticky":false,"template":"","format":"standard","meta":{"footnotes":""},"categories":[436,254,439],"tags":[],"class_list":["post-148168","post","type-post","status-publish","format-standard","has-post-thumbnail","hentry","category-destaque-da-semana","category-politica","category-ultima-hora"],"_links":{"self":[{"href":"https:\/\/diarioregionaldigital.com.br\/index.php?rest_route=\/wp\/v2\/posts\/148168","targetHints":{"allow":["GET"]}}],"collection":[{"href":"https:\/\/diarioregionaldigital.com.br\/index.php?rest_route=\/wp\/v2\/posts"}],"about":[{"href":"https:\/\/diarioregionaldigital.com.br\/index.php?rest_route=\/wp\/v2\/types\/post"}],"author":[{"embeddable":true,"href":"https:\/\/diarioregionaldigital.com.br\/index.php?rest_route=\/wp\/v2\/users\/96"}],"replies":[{"embeddable":true,"href":"https:\/\/diarioregionaldigital.com.br\/index.php?rest_route=%2Fwp%2Fv2%2Fcomments&post=148168"}],"version-history":[{"count":0,"href":"https:\/\/diarioregionaldigital.com.br\/index.php?rest_route=\/wp\/v2\/posts\/148168\/revisions"}],"wp:featuredmedia":[{"embeddable":true,"href":"https:\/\/diarioregionaldigital.com.br\/index.php?rest_route=\/wp\/v2\/media\/148169"}],"wp:attachment":[{"href":"https:\/\/diarioregionaldigital.com.br\/index.php?rest_route=%2Fwp%2Fv2%2Fmedia&parent=148168"}],"wp:term":[{"taxonomy":"category","embeddable":true,"href":"https:\/\/diarioregionaldigital.com.br\/index.php?rest_route=%2Fwp%2Fv2%2Fcategories&post=148168"},{"taxonomy":"post_tag","embeddable":true,"href":"https:\/\/diarioregionaldigital.com.br\/index.php?rest_route=%2Fwp%2Fv2%2Ftags&post=148168"}],"curies":[{"name":"wp","href":"https:\/\/api.w.org\/{rel}","templated":true}]}}