{"id":148166,"date":"2019-09-20T14:03:12","date_gmt":"2019-09-20T17:03:12","guid":{"rendered":"https:\/\/diarioregionaldigital.com.br\/?p=148166"},"modified":"2019-09-20T14:03:12","modified_gmt":"2019-09-20T17:03:12","slug":"intencao-de-consumo-das-familias-cresce-03-em-setembro-diz-cnc","status":"publish","type":"post","link":"https:\/\/diarioregionaldigital.com.br\/?p=148166","title":{"rendered":"Inten\u00e7\u00e3o de consumo das fam\u00edlias cresce 0,3% em setembro, diz CNC"},"content":{"rendered":"<p>A Inten\u00e7\u00e3o de Consumo das Fam\u00edlias (ICF), medida pela Confedera\u00e7\u00e3o\u00a0Nacional do Com\u00e9rcio de Bens, Servi\u00e7os e Turismo (CNC), teve um aumento de 0,3% na passagem de agosto para setembro. Foi a segunda alta consecutiva do indicador, que atingiu 92,5 pontos, em uma escala de zero a 200 pontos, o melhor resultado desde fevereiro (98,5 pontos).<\/p>\n<p>Com base no resultado, a CNC espera que haja um incremento gradual das vendas do com\u00e9rcio at\u00e9 dezembro, j\u00e1 que as fam\u00edlias continuam se mostrando mais dispostas a consumir, devido a quest\u00f5es como a estabilidade dos pre\u00e7os e o uso de recursos do FGTS para abater d\u00edvidas.<\/p>\n<p>Quatro dos sete componentes apresentaram alta, com destaque para compras a prazo (2,2%) e pela perspectiva de consumo (1,1%). Por outro lado, entre os tr\u00eas componentes em queda, o principal recuo foi na renda atual (-0,6%).<\/p>\n<p>Na compara\u00e7\u00e3o com setembro de 2018, a inten\u00e7\u00e3o de consumo cresceu 6,4%, puxada principalmente tamb\u00e9m pela compra a prazo (10,6%) e perspectiva de consumo (9,7%).<\/p>\n<p>&nbsp;<\/p>\n<p>&nbsp;<\/p>\n<p>Fonte: Ag\u00eancia Brasil<\/p>\n","protected":false},"excerpt":{"rendered":"<p>A Inten\u00e7\u00e3o de Consumo das Fam\u00edlias (ICF), medida pela Confedera\u00e7\u00e3o\u00a0Nacional do Com\u00e9rcio de Bens, Servi\u00e7os e Turismo (CNC), teve um aumento de 0,3% na passagem de agosto para setembro. Foi a segunda alta consecutiva do indicador, que atingiu 92,5 pontos, em uma escala de zero a 200 pontos, o melhor resultado desde fevereiro (98,5 pontos). [&hellip;]<\/p>\n","protected":false},"author":96,"featured_media":146683,"comment_status":"closed","ping_status":"closed","sticky":false,"template":"","format":"standard","meta":{"footnotes":""},"categories":[436,261,439],"tags":[],"class_list":["post-148166","post","type-post","status-publish","format-standard","has-post-thumbnail","hentry","category-destaque-da-semana","category-economia","category-ultima-hora"],"_links":{"self":[{"href":"https:\/\/diarioregionaldigital.com.br\/index.php?rest_route=\/wp\/v2\/posts\/148166","targetHints":{"allow":["GET"]}}],"collection":[{"href":"https:\/\/diarioregionaldigital.com.br\/index.php?rest_route=\/wp\/v2\/posts"}],"about":[{"href":"https:\/\/diarioregionaldigital.com.br\/index.php?rest_route=\/wp\/v2\/types\/post"}],"author":[{"embeddable":true,"href":"https:\/\/diarioregionaldigital.com.br\/index.php?rest_route=\/wp\/v2\/users\/96"}],"replies":[{"embeddable":true,"href":"https:\/\/diarioregionaldigital.com.br\/index.php?rest_route=%2Fwp%2Fv2%2Fcomments&post=148166"}],"version-history":[{"count":0,"href":"https:\/\/diarioregionaldigital.com.br\/index.php?rest_route=\/wp\/v2\/posts\/148166\/revisions"}],"wp:featuredmedia":[{"embeddable":true,"href":"https:\/\/diarioregionaldigital.com.br\/index.php?rest_route=\/wp\/v2\/media\/146683"}],"wp:attachment":[{"href":"https:\/\/diarioregionaldigital.com.br\/index.php?rest_route=%2Fwp%2Fv2%2Fmedia&parent=148166"}],"wp:term":[{"taxonomy":"category","embeddable":true,"href":"https:\/\/diarioregionaldigital.com.br\/index.php?rest_route=%2Fwp%2Fv2%2Fcategories&post=148166"},{"taxonomy":"post_tag","embeddable":true,"href":"https:\/\/diarioregionaldigital.com.br\/index.php?rest_route=%2Fwp%2Fv2%2Ftags&post=148166"}],"curies":[{"name":"wp","href":"https:\/\/api.w.org\/{rel}","templated":true}]}}