{"id":148163,"date":"2019-09-20T14:00:05","date_gmt":"2019-09-20T17:00:05","guid":{"rendered":"https:\/\/diarioregionaldigital.com.br\/?p=148163"},"modified":"2019-09-20T14:00:05","modified_gmt":"2019-09-20T17:00:05","slug":"cae-analisa-proposta-para-cobrar-imposto-de-renda-sobre-lucros-e-dividendos","status":"publish","type":"post","link":"https:\/\/diarioregionaldigital.com.br\/?p=148163","title":{"rendered":"CAE analisa proposta para cobrar imposto de renda sobre lucros e dividendos"},"content":{"rendered":"<p>&nbsp;<\/p>\n<p>Comiss\u00e3o de Assuntos Econ\u00f4micos (CAE) analisa, na reuni\u00e3o da pr\u00f3xima ter\u00e7a-feira (24), a partir das 10h, proposta que prev\u00ea a cobran\u00e7a de imposto de renda sobre a distribui\u00e7\u00e3o de lucros e dividendos por pessoa jur\u00eddica a s\u00f3cio ou acionista (seja ele pessoa f\u00edsica ou jur\u00eddica).<\/p>\n<p>O <a class=\"external-link\" href=\"http:\/\/www25.senado.leg.br\/web\/atividade\/materias\/-\/materia\/136156\">Projeto de Lei 2.015\/2019<\/a>, do senador Otto Alencar (PSD-BA), elimina a atual isen\u00e7\u00e3o do imposto de renda da pessoa jur\u00eddica sobre lucros e dividendos e estabelece o percentual em 15%, descontado na fonte. Assim, os resultados financeiros pagos, remetidos ou entregues pelas pessoas jur\u00eddicas tributadas com base no lucro real, presumido ou arbitrado, a outras pessoas jur\u00eddicas ou f\u00edsicas, residentes no Brasil ou no exterior, ter\u00e3o a cobran\u00e7a do imposto. A isen\u00e7\u00e3o est\u00e1 prevista na <a class=\"external-link\" href=\"http:\/\/www.planalto.gov.br\/ccivil_03\/leis\/L9249.htm\">Lei 9.249, de 1995<\/a>. A ideia de Otto \u00e9 retomar a cobran\u00e7a interrompida em 1995, mas que sempre vigorou desde a cria\u00e7\u00e3o do imposto, em 1926.<\/p>\n<p>O texto aprovado deixa a tributa\u00e7\u00e3o mais dura para quem ter domic\u00edlio em pa\u00eds ou depend\u00eancia com tributa\u00e7\u00e3o favorecida, com al\u00edquota m\u00e1xima do IR inferior a 17%, ou \u00e9 benefici\u00e1rio de regime fiscal privilegiado (os popularmente conhecidos para\u00edsos fiscais): nestes casos, a al\u00edquota cobrada ser\u00e1 de 25%.<\/p>\n<p>O relator, senador Jorge Kajuru (Patriota-GO), \u00e9 favor\u00e1vel ao texto.<\/p>\n<h3><b>Empr\u00e9stimos<\/b><\/h3>\n<p>Tamb\u00e9m est\u00e3o na pauta sete mensagens de autoriza\u00e7\u00e3o para a contrata\u00e7\u00e3o de empr\u00e9stimos junto \u00e0 Corpora\u00e7\u00e3o Andina de Fomento (CAF), o Banco Interamericano de Desenvolvimento (BID) e o Fundo Financeiro para o Desenvolvimento da Bacia do Prata (Fonplata). Ser\u00e3o beneficiados os munic\u00edpios de Crici\u00fama (SC), Belo Horizonte (MG), Contagem (MG), Aparecida de Goi\u00e2nia (GO) e o Minist\u00e9rio da Defesa, para Programa de Moderniza\u00e7\u00e3o e Fortalecimento da Defesa Agropecu\u00e1ria, e o Banco do Brasil, para o Programa de Efici\u00eancia Municipal.<\/p>\n<h3><b>Sabatinas<\/b><\/h3>\n<p>Os integrantes da CAE ainda far\u00e3o a sabatina de quatro indicados para assumir cargos no Conselho Administrativo de Defesa Econ\u00f4mica (Cade): Lenisa Rodrigues Prado; S\u00e9rgio Costa Ravagnani; Luiz Augusto Azevedo De Almeida Hoffmann; e Luis Henrique Bertolino Braido.<\/p>\n<p>A reuni\u00e3o ocorrer\u00e1 na sala 19 da ala senador Alexandre Costa.<\/p>\n<p>Fonte: Ag\u00eancia Senado<\/p>\n","protected":false},"excerpt":{"rendered":"<p>&nbsp; Comiss\u00e3o de Assuntos Econ\u00f4micos (CAE) analisa, na reuni\u00e3o da pr\u00f3xima ter\u00e7a-feira (24), a partir das 10h, proposta que prev\u00ea a cobran\u00e7a de imposto de renda sobre a distribui\u00e7\u00e3o de lucros e dividendos por pessoa jur\u00eddica a s\u00f3cio ou acionista (seja ele pessoa f\u00edsica ou jur\u00eddica). O Projeto de Lei 2.015\/2019, do senador Otto Alencar [&hellip;]<\/p>\n","protected":false},"author":96,"featured_media":148164,"comment_status":"closed","ping_status":"closed","sticky":false,"template":"","format":"standard","meta":{"footnotes":""},"categories":[436,254,439],"tags":[],"class_list":["post-148163","post","type-post","status-publish","format-standard","has-post-thumbnail","hentry","category-destaque-da-semana","category-politica","category-ultima-hora"],"_links":{"self":[{"href":"https:\/\/diarioregionaldigital.com.br\/index.php?rest_route=\/wp\/v2\/posts\/148163","targetHints":{"allow":["GET"]}}],"collection":[{"href":"https:\/\/diarioregionaldigital.com.br\/index.php?rest_route=\/wp\/v2\/posts"}],"about":[{"href":"https:\/\/diarioregionaldigital.com.br\/index.php?rest_route=\/wp\/v2\/types\/post"}],"author":[{"embeddable":true,"href":"https:\/\/diarioregionaldigital.com.br\/index.php?rest_route=\/wp\/v2\/users\/96"}],"replies":[{"embeddable":true,"href":"https:\/\/diarioregionaldigital.com.br\/index.php?rest_route=%2Fwp%2Fv2%2Fcomments&post=148163"}],"version-history":[{"count":0,"href":"https:\/\/diarioregionaldigital.com.br\/index.php?rest_route=\/wp\/v2\/posts\/148163\/revisions"}],"wp:featuredmedia":[{"embeddable":true,"href":"https:\/\/diarioregionaldigital.com.br\/index.php?rest_route=\/wp\/v2\/media\/148164"}],"wp:attachment":[{"href":"https:\/\/diarioregionaldigital.com.br\/index.php?rest_route=%2Fwp%2Fv2%2Fmedia&parent=148163"}],"wp:term":[{"taxonomy":"category","embeddable":true,"href":"https:\/\/diarioregionaldigital.com.br\/index.php?rest_route=%2Fwp%2Fv2%2Fcategories&post=148163"},{"taxonomy":"post_tag","embeddable":true,"href":"https:\/\/diarioregionaldigital.com.br\/index.php?rest_route=%2Fwp%2Fv2%2Ftags&post=148163"}],"curies":[{"name":"wp","href":"https:\/\/api.w.org\/{rel}","templated":true}]}}