{"id":148155,"date":"2019-09-20T13:44:29","date_gmt":"2019-09-20T16:44:29","guid":{"rendered":"https:\/\/diarioregionaldigital.com.br\/?p=148155"},"modified":"2019-09-20T13:44:29","modified_gmt":"2019-09-20T16:44:29","slug":"tite-inclui-gabigol-entre-os-convocados-para-amistosos-da-selecao","status":"publish","type":"post","link":"https:\/\/diarioregionaldigital.com.br\/?p=148155","title":{"rendered":"Tite inclui Gabigol entre os convocados para amistosos da sele\u00e7\u00e3o"},"content":{"rendered":"<p>O t\u00e9cnico da sele\u00e7\u00e3o brasileira anunciou nesta manh\u00e3 (20) a lista de 23 convocados para a pr\u00f3xima rodada de amistosos contra Senegal e Nig\u00e9ria, que ser\u00e3o disputados nos dias 10 e 13 de outubro\u00a0em Singapura, na \u00c1sia. Entre as principais novidades est\u00e1 a inclus\u00e3o do goleiro Santos (Athletico-PR), que foi campe\u00e3o da Copa do Brasil\u00a0na quarta-feira (18) e ter\u00e1 sua primeira chance com a camisa da sele\u00e7\u00e3o. Tamb\u00e9m foram chamados pela primeira vez para o elenco canarinho o meia Matheus Henrique (Gr\u00eamio), e o lateral Renan Lodi (Atl\u00e9tico de Madrid).<\/p>\n<p>Tite tamb\u00e9m confirmou as expectativas e convocou o Gabriel Barbosa, o Gabigol, que vive \u00f3tima fase\u00a0com 30 gols marcados nesta temporada. Atual artilheiro do Campeonato Brasileiro, com 16 gols, Gabigol teve apenas uma oportunidade na sele\u00e7\u00e3o de Tite, quando o treinador estreou no comando da sele\u00e7\u00e3o, nas eliminat\u00f3rias para a Copa da R\u00fassia. Outro jogador rubro-negro convocado \u00e9 o zagueiro Rodrigo Caio.<\/p>\n<p>Confira abaixo a lista de convocados:<\/p>\n<p>GOLEIROS : \u00c9derson (Manchester City), Santos (Athletico-PR), Weverton (Palmeiras);<\/p>\n<p>LATERAIS-DIREITOS: Daniel Alves (S\u00e3o Paulo), Danilo (Juventus);<\/p>\n<p>LATERAIS-ESQUERDOS: Alex Sandro (Juventus), Renan Lodi (Atl\u00e9tico de Madrid);<\/p>\n<p>ZAGUEIROS: \u00c9der Milit\u00e3o (Real Madrid), Marquinhos (PSG), Rodrigo Caio (Flamengo), Thiago Silva (PSG);<\/p>\n<p>MEIO-CAMPISTAS: Arthur (Barcelona), Casemiro (Real Madrid), Fabinho (Liverpool), Lucas Paquet\u00e1 (Milan), Matheus Henrique (Gr\u00eamio), Philippe Coutinho (Bayern de Munique);<\/p>\n<p>ATACANTES: Everton (Gr\u00eamio), Firmino (Liverpool), Gabriel Barbosa \u2018Gabigol\u2019 (Flamengo), Gabriel Jesus (Machester City), Neymar J\u00fanior (PSG), Richarlison (Everton).<\/p>\n<p>O Brasil entra em campo contra o Senegal no dia 10 de outubro, \u00e0s 9h (hor\u00e1rio de Bras\u00edlia), no est\u00e1dio Nacional de Singapura. O segundo jogo, contra a Nig\u00e9ria, ser\u00e1 no mesmo est\u00e1dio, no dia 13 de outubro, \u00e0s 9h.<\/p>\n<p>Fonte: AG\u00caNCIA BRASIL<\/p>\n","protected":false},"excerpt":{"rendered":"<p>O t\u00e9cnico da sele\u00e7\u00e3o brasileira anunciou nesta manh\u00e3 (20) a lista de 23 convocados para a pr\u00f3xima rodada de amistosos contra Senegal e Nig\u00e9ria, que ser\u00e3o disputados nos dias 10 e 13 de outubro\u00a0em Singapura, na \u00c1sia. Entre as principais novidades est\u00e1 a inclus\u00e3o do goleiro Santos (Athletico-PR), que foi campe\u00e3o da Copa do Brasil\u00a0na [&hellip;]<\/p>\n","protected":false},"author":96,"featured_media":147943,"comment_status":"closed","ping_status":"closed","sticky":false,"template":"","format":"standard","meta":{"footnotes":""},"categories":[436,257,439],"tags":[],"class_list":["post-148155","post","type-post","status-publish","format-standard","has-post-thumbnail","hentry","category-destaque-da-semana","category-esporte","category-ultima-hora"],"_links":{"self":[{"href":"https:\/\/diarioregionaldigital.com.br\/index.php?rest_route=\/wp\/v2\/posts\/148155","targetHints":{"allow":["GET"]}}],"collection":[{"href":"https:\/\/diarioregionaldigital.com.br\/index.php?rest_route=\/wp\/v2\/posts"}],"about":[{"href":"https:\/\/diarioregionaldigital.com.br\/index.php?rest_route=\/wp\/v2\/types\/post"}],"author":[{"embeddable":true,"href":"https:\/\/diarioregionaldigital.com.br\/index.php?rest_route=\/wp\/v2\/users\/96"}],"replies":[{"embeddable":true,"href":"https:\/\/diarioregionaldigital.com.br\/index.php?rest_route=%2Fwp%2Fv2%2Fcomments&post=148155"}],"version-history":[{"count":0,"href":"https:\/\/diarioregionaldigital.com.br\/index.php?rest_route=\/wp\/v2\/posts\/148155\/revisions"}],"wp:featuredmedia":[{"embeddable":true,"href":"https:\/\/diarioregionaldigital.com.br\/index.php?rest_route=\/wp\/v2\/media\/147943"}],"wp:attachment":[{"href":"https:\/\/diarioregionaldigital.com.br\/index.php?rest_route=%2Fwp%2Fv2%2Fmedia&parent=148155"}],"wp:term":[{"taxonomy":"category","embeddable":true,"href":"https:\/\/diarioregionaldigital.com.br\/index.php?rest_route=%2Fwp%2Fv2%2Fcategories&post=148155"},{"taxonomy":"post_tag","embeddable":true,"href":"https:\/\/diarioregionaldigital.com.br\/index.php?rest_route=%2Fwp%2Fv2%2Ftags&post=148155"}],"curies":[{"name":"wp","href":"https:\/\/api.w.org\/{rel}","templated":true}]}}