{"id":148150,"date":"2019-09-20T12:46:13","date_gmt":"2019-09-20T15:46:13","guid":{"rendered":"https:\/\/diarioregionaldigital.com.br\/?p=148150"},"modified":"2019-09-20T12:46:13","modified_gmt":"2019-09-20T15:46:13","slug":"confianca-da-industria-recua-02-ponto-na-previa-de-setembro","status":"publish","type":"post","link":"https:\/\/diarioregionaldigital.com.br\/?p=148150","title":{"rendered":"Confian\u00e7a da ind\u00fastria recua 0,2 ponto na pr\u00e9via de setembro"},"content":{"rendered":"<p>A confian\u00e7a dos empres\u00e1rios da ind\u00fastria recuou 0,2 ponto na pr\u00e9via de setembro deste ano em rela\u00e7\u00e3o ao resultado consolidado de agosto e chegou 95,4 pontos, em uma escala de zero a 200 pontos. O dado foi divulgado nessa sexta-feira (20) pela Funda\u00e7\u00e3o Getulio Vargas (FGV).<\/p>\n<p>A queda foi provocada pela piora da avalia\u00e7\u00e3o do empresariado sobre o futuro, j\u00e1 que o \u00cdndice de Expectativas caiu 0,7 ponto e passou para 95 pontos. Por outro lado, a confian\u00e7a no momento presente subiu 0,2 ponto e atingiu 95,8 pontos.<\/p>\n<p>O resultado preliminar de setembro sinaliza queda de 0,2 ponto percentual do N\u00edvel de Utiliza\u00e7\u00e3o da Capacidade Instalada da Ind\u00fastria (NUCI), para 75,6%.<\/p>\n<p>Fonte: Ag\u00eancia Brasil<\/p>\n","protected":false},"excerpt":{"rendered":"<p>A confian\u00e7a dos empres\u00e1rios da ind\u00fastria recuou 0,2 ponto na pr\u00e9via de setembro deste ano em rela\u00e7\u00e3o ao resultado consolidado de agosto e chegou 95,4 pontos, em uma escala de zero a 200 pontos. O dado foi divulgado nessa sexta-feira (20) pela Funda\u00e7\u00e3o Getulio Vargas (FGV). A queda foi provocada pela piora da avalia\u00e7\u00e3o do [&hellip;]<\/p>\n","protected":false},"author":96,"featured_media":142172,"comment_status":"closed","ping_status":"closed","sticky":false,"template":"","format":"standard","meta":{"footnotes":""},"categories":[436,261,439],"tags":[],"class_list":["post-148150","post","type-post","status-publish","format-standard","has-post-thumbnail","hentry","category-destaque-da-semana","category-economia","category-ultima-hora"],"_links":{"self":[{"href":"https:\/\/diarioregionaldigital.com.br\/index.php?rest_route=\/wp\/v2\/posts\/148150","targetHints":{"allow":["GET"]}}],"collection":[{"href":"https:\/\/diarioregionaldigital.com.br\/index.php?rest_route=\/wp\/v2\/posts"}],"about":[{"href":"https:\/\/diarioregionaldigital.com.br\/index.php?rest_route=\/wp\/v2\/types\/post"}],"author":[{"embeddable":true,"href":"https:\/\/diarioregionaldigital.com.br\/index.php?rest_route=\/wp\/v2\/users\/96"}],"replies":[{"embeddable":true,"href":"https:\/\/diarioregionaldigital.com.br\/index.php?rest_route=%2Fwp%2Fv2%2Fcomments&post=148150"}],"version-history":[{"count":0,"href":"https:\/\/diarioregionaldigital.com.br\/index.php?rest_route=\/wp\/v2\/posts\/148150\/revisions"}],"wp:featuredmedia":[{"embeddable":true,"href":"https:\/\/diarioregionaldigital.com.br\/index.php?rest_route=\/wp\/v2\/media\/142172"}],"wp:attachment":[{"href":"https:\/\/diarioregionaldigital.com.br\/index.php?rest_route=%2Fwp%2Fv2%2Fmedia&parent=148150"}],"wp:term":[{"taxonomy":"category","embeddable":true,"href":"https:\/\/diarioregionaldigital.com.br\/index.php?rest_route=%2Fwp%2Fv2%2Fcategories&post=148150"},{"taxonomy":"post_tag","embeddable":true,"href":"https:\/\/diarioregionaldigital.com.br\/index.php?rest_route=%2Fwp%2Fv2%2Ftags&post=148150"}],"curies":[{"name":"wp","href":"https:\/\/api.w.org\/{rel}","templated":true}]}}