{"id":148148,"date":"2019-09-20T12:32:08","date_gmt":"2019-09-20T15:32:08","guid":{"rendered":"https:\/\/diarioregionaldigital.com.br\/?p=148148"},"modified":"2019-09-20T12:32:08","modified_gmt":"2019-09-20T15:32:08","slug":"exercito-tera-verbas-necessarias-para-2020-diz-chefe-do-estado-maior","status":"publish","type":"post","link":"https:\/\/diarioregionaldigital.com.br\/?p=148148","title":{"rendered":"Ex\u00e9rcito ter\u00e1 verbas necess\u00e1rias para 2020, diz chefe do Estado-Maior"},"content":{"rendered":"<p>O chefe do Estado-Maior do Ex\u00e9rcito, general Walter Braga Netto, disse que n\u00e3o dever\u00e1 faltar verbas para a institui\u00e7\u00e3o no pr\u00f3ximo ano, apesar dos esfor\u00e7os fiscais do governo para equilibrar o Or\u00e7amento 2020. Braga Netto foi homenageado, na noite dessa quinta-feira (19), como Personalidade do Ano na \u00c1rea de Seguran\u00e7a P\u00fablica, com o 2\u00ba Pr\u00eamio General Joaquim de Souza Mursa.<\/p>\n<p>O pr\u00eamio foi uma iniciativa do Sindicato Nacional das Ind\u00fastrias de Materiais de Defesa (Simde). Ap\u00f3s o t\u00e9rmino do evento, Braga Netto conversou com os rep\u00f3rteres. Perguntado sobre como avaliava a participa\u00e7\u00e3o do Ex\u00e9rcito no esfor\u00e7o de equil\u00edbrio fiscal e or\u00e7ament\u00e1rio, o general demonstrou confian\u00e7a de que a For\u00e7a n\u00e3o ser\u00e1 afetada\u00a0com falta de verbas.<\/p>\n<p>\u201cTenho certeza que o governo vai se sensibilizar. O Ex\u00e9rcito est\u00e1 sendo empregado em todas as atividades que ocorrem no pa\u00eds atualmente, incluindo as queimadas. No ano que vem, n\u00f3s vamos ter que distribuir urnas no interior da Amaz\u00f4nia, nos lugares remotos. O governo tem plena consci\u00eancia disso e n\u00f3s seremos atendidos. Cabe ao governo decidir\u201d, disse Braga Netto.<\/p>\n<p>Durante a entrega do pr\u00eamio, que teve a presen\u00e7a do governador do Rio, Wilson Witzel, o general foi lembrado como a principal lideran\u00e7a do processo de interven\u00e7\u00e3o na seguran\u00e7a p\u00fablica do estado, de fevereiro a dezembro do ano passado. O processo cuidou de reestruturar as pol\u00edcias Civil e Militar e tamb\u00e9m o sistema penitenci\u00e1rio, investindo cerca de R$ 1,2 bilh\u00e3o em viaturas, armamentos, equipamentos e aeronaves.<br \/>\nFonte: Ag\u00eancia Brasil<\/p>\n","protected":false},"excerpt":{"rendered":"<p>O chefe do Estado-Maior do Ex\u00e9rcito, general Walter Braga Netto, disse que n\u00e3o dever\u00e1 faltar verbas para a institui\u00e7\u00e3o no pr\u00f3ximo ano, apesar dos esfor\u00e7os fiscais do governo para equilibrar o Or\u00e7amento 2020. Braga Netto foi homenageado, na noite dessa quinta-feira (19), como Personalidade do Ano na \u00c1rea de Seguran\u00e7a P\u00fablica, com o 2\u00ba Pr\u00eamio [&hellip;]<\/p>\n","protected":false},"author":96,"featured_media":97709,"comment_status":"closed","ping_status":"closed","sticky":false,"template":"","format":"standard","meta":{"footnotes":""},"categories":[302,436,439],"tags":[],"class_list":["post-148148","post","type-post","status-publish","format-standard","has-post-thumbnail","hentry","category-brasil-mundo","category-destaque-da-semana","category-ultima-hora"],"_links":{"self":[{"href":"https:\/\/diarioregionaldigital.com.br\/index.php?rest_route=\/wp\/v2\/posts\/148148","targetHints":{"allow":["GET"]}}],"collection":[{"href":"https:\/\/diarioregionaldigital.com.br\/index.php?rest_route=\/wp\/v2\/posts"}],"about":[{"href":"https:\/\/diarioregionaldigital.com.br\/index.php?rest_route=\/wp\/v2\/types\/post"}],"author":[{"embeddable":true,"href":"https:\/\/diarioregionaldigital.com.br\/index.php?rest_route=\/wp\/v2\/users\/96"}],"replies":[{"embeddable":true,"href":"https:\/\/diarioregionaldigital.com.br\/index.php?rest_route=%2Fwp%2Fv2%2Fcomments&post=148148"}],"version-history":[{"count":0,"href":"https:\/\/diarioregionaldigital.com.br\/index.php?rest_route=\/wp\/v2\/posts\/148148\/revisions"}],"wp:featuredmedia":[{"embeddable":true,"href":"https:\/\/diarioregionaldigital.com.br\/index.php?rest_route=\/wp\/v2\/media\/97709"}],"wp:attachment":[{"href":"https:\/\/diarioregionaldigital.com.br\/index.php?rest_route=%2Fwp%2Fv2%2Fmedia&parent=148148"}],"wp:term":[{"taxonomy":"category","embeddable":true,"href":"https:\/\/diarioregionaldigital.com.br\/index.php?rest_route=%2Fwp%2Fv2%2Fcategories&post=148148"},{"taxonomy":"post_tag","embeddable":true,"href":"https:\/\/diarioregionaldigital.com.br\/index.php?rest_route=%2Fwp%2Fv2%2Ftags&post=148148"}],"curies":[{"name":"wp","href":"https:\/\/api.w.org\/{rel}","templated":true}]}}