{"id":148144,"date":"2019-09-20T12:28:11","date_gmt":"2019-09-20T15:28:11","guid":{"rendered":"https:\/\/diarioregionaldigital.com.br\/?p=148144"},"modified":"2019-09-20T12:28:11","modified_gmt":"2019-09-20T15:28:11","slug":"faculdades-privadas-tem-que-adaptar-aulas-para-pessoas-com-deficiencia","status":"publish","type":"post","link":"https:\/\/diarioregionaldigital.com.br\/?p=148144","title":{"rendered":"Faculdades privadas t\u00eam que adaptar aulas para pessoas com defici\u00eancia"},"content":{"rendered":"<p>As faculdades privadas t\u00eam que adaptar suas aulas para pessoas com defici\u00eancia, oferecendo ensino em L\u00edngua Brasileira de Sinais (Libras) e braille. A decis\u00e3o \u00e9 do Tribunal Regional Federal da 4\u00aa Regi\u00e3o (TRF4), de acordo com a Advocacia-Geral da Uni\u00e3o (AGU), que confirmou a obrigatoriedade junto ao tribunal.<\/p>\n<p>A a\u00e7\u00e3o foi ajuizada pelo Sindicato dos Estabelecimentos de Ensino do Estado de Santa Catarina (Sinepe\/SC) na 3\u00aa Vara Federal de Florian\u00f3polis. A entidade pleiteava que as faculdades fossem dispensadas da exig\u00eancia e que eventual adapta\u00e7\u00e3o das aulas fosse custeada pelo aluno. O pedido foi julgado improcedente pela primeira inst\u00e2ncia, mas o Sinepe\/SC recorreu ao TRF4, que decidiu negar provimento \u00e0 apela\u00e7\u00e3o.<\/p>\n<p>A Procuradoria da Uni\u00e3o de Santa Catarina, unidade da AGU que trabalhou no caso com a Procuradoria Regional da Uni\u00e3o na 4\u00aa Regi\u00e3o, ressaltou, que o Supremo Tribunal Federal (STF) reconheceu a constitucionalidade das normas do Estatuto da Pessoa com Defici\u00eancia, Lei n\u00ba 13.146\/15, que estabelecem a obrigatoriedade de as escolas privadas promoverem a inser\u00e7\u00e3o de pessoas com defici\u00eancia no ensino regular e prover as medidas de adapta\u00e7\u00e3o necess\u00e1rias sem que o \u00f4nus financeiro seja repassado \u00e0s mensalidades, anuidades e matr\u00edculas.<\/p>\n<p>De acordo com a lei, \u00e9 dever das institui\u00e7\u00f5es assegurar aos estudantes condi\u00e7\u00f5es plenas de participa\u00e7\u00e3o e de aprendizagem.<\/p>\n<p>Segundo a AGU, as procuradorias tamb\u00e9m destacaram que, sendo a educa\u00e7\u00e3o um direito social fundamental, os princ\u00edpios que garantem a qualidade desse servi\u00e7o p\u00fablico devem se sobrepor aos interesses patrimoniais e econ\u00f4micos das institui\u00e7\u00f5es de ensino superior.<\/p>\n<p>Embora a decis\u00e3o tenha sido tomada em um processo espec\u00edfico, a AGU esclarece que como STF reconheceu como constitucionais as normas do Estatuto da Pessoa com Defici\u00eancia, caso isso volte a ser questionado em inst\u00e2ncias inferiores, a tend\u00eancia \u00e9 que as decis\u00f5es sejam tomadas no mesmo sentido. Ou seja, todas as faculdades privadas, por for\u00e7a da decis\u00e3o do STF, devem seguir o Estatuto e n\u00e3o podem cobrar dos estudantes valores extras para adaptar as aulas para pessoas com defici\u00eancia.<\/p>\n<div><\/div>\n<p>Fonte: Ag\u00eancia Brasil<\/p>\n","protected":false},"excerpt":{"rendered":"<p>As faculdades privadas t\u00eam que adaptar suas aulas para pessoas com defici\u00eancia, oferecendo ensino em L\u00edngua Brasileira de Sinais (Libras) e braille. A decis\u00e3o \u00e9 do Tribunal Regional Federal da 4\u00aa Regi\u00e3o (TRF4), de acordo com a Advocacia-Geral da Uni\u00e3o (AGU), que confirmou a obrigatoriedade junto ao tribunal. A a\u00e7\u00e3o foi ajuizada pelo Sindicato dos [&hellip;]<\/p>\n","protected":false},"author":96,"featured_media":148134,"comment_status":"closed","ping_status":"closed","sticky":false,"template":"","format":"standard","meta":{"footnotes":""},"categories":[302,436,439],"tags":[],"class_list":["post-148144","post","type-post","status-publish","format-standard","has-post-thumbnail","hentry","category-brasil-mundo","category-destaque-da-semana","category-ultima-hora"],"_links":{"self":[{"href":"https:\/\/diarioregionaldigital.com.br\/index.php?rest_route=\/wp\/v2\/posts\/148144","targetHints":{"allow":["GET"]}}],"collection":[{"href":"https:\/\/diarioregionaldigital.com.br\/index.php?rest_route=\/wp\/v2\/posts"}],"about":[{"href":"https:\/\/diarioregionaldigital.com.br\/index.php?rest_route=\/wp\/v2\/types\/post"}],"author":[{"embeddable":true,"href":"https:\/\/diarioregionaldigital.com.br\/index.php?rest_route=\/wp\/v2\/users\/96"}],"replies":[{"embeddable":true,"href":"https:\/\/diarioregionaldigital.com.br\/index.php?rest_route=%2Fwp%2Fv2%2Fcomments&post=148144"}],"version-history":[{"count":0,"href":"https:\/\/diarioregionaldigital.com.br\/index.php?rest_route=\/wp\/v2\/posts\/148144\/revisions"}],"wp:featuredmedia":[{"embeddable":true,"href":"https:\/\/diarioregionaldigital.com.br\/index.php?rest_route=\/wp\/v2\/media\/148134"}],"wp:attachment":[{"href":"https:\/\/diarioregionaldigital.com.br\/index.php?rest_route=%2Fwp%2Fv2%2Fmedia&parent=148144"}],"wp:term":[{"taxonomy":"category","embeddable":true,"href":"https:\/\/diarioregionaldigital.com.br\/index.php?rest_route=%2Fwp%2Fv2%2Fcategories&post=148144"},{"taxonomy":"post_tag","embeddable":true,"href":"https:\/\/diarioregionaldigital.com.br\/index.php?rest_route=%2Fwp%2Fv2%2Ftags&post=148144"}],"curies":[{"name":"wp","href":"https:\/\/api.w.org\/{rel}","templated":true}]}}