{"id":148142,"date":"2019-09-20T12:26:48","date_gmt":"2019-09-20T15:26:48","guid":{"rendered":"https:\/\/diarioregionaldigital.com.br\/?p=148142"},"modified":"2019-09-20T12:26:48","modified_gmt":"2019-09-20T15:26:48","slug":"cbf-anuncia-convocados-para-a-copa-do-mundo-sub-17-no-brasil","status":"publish","type":"post","link":"https:\/\/diarioregionaldigital.com.br\/?p=148142","title":{"rendered":"CBF anuncia convocados para a Copa do Mundo Sub-17 no Brasil"},"content":{"rendered":"<p>Foram conhecidos nesta manh\u00e3 os jogadores da sele\u00e7\u00e3o sub-17 que v\u00e3o defender a camisa verde e amarela na Copa do Mundo da categoria. O torneio ser\u00e1 pela primeira vez realizado no Brasil: entre os dias\u00a026 de outubro\u00a0e\u00a017 de novembro. O an\u00fancio foi feito\u00a0nessa sexta-feira (20) na sede da Confedera\u00e7\u00e3o Brasileira de Futebol (CBF), no Rio\u00a0de Janeiro\u00a0(RJ), pouco antes de o t\u00e9cnico Tite fazer a convoca\u00e7\u00e3o da sele\u00e7\u00e3o principal para os amistosos contra Senegal e Nig\u00e9ria.<\/p>\n<p>Entre os destaques na lista do t\u00e9cnico da sele\u00e7\u00e3o sub-17\u00a0Guilherme Dalla D\u00e9a\u00a0est\u00e3o os meia campistas Talles Magno e Reinier que jogam, respectivamente, nas equipes profissionais do Vasco e Flamengo: os dois atletas v\u00e3o desfalcar seus times em dez rodadas do Campeonato Brasileiro.<\/p>\n<p>Confira a lista de convocados:<\/p>\n<p>GOLEIROS : Cristian (Atl\u00e9tico-MG), Marcelo (Fluminense), Matheus Donelli (Sport);<\/p>\n<p>LATERAIS-DIREITOS: Gustavo Garcia (Palmeiras), Yan (Coritiba);<\/p>\n<p>LATERAIS-ESQUERDOS: Patryck (S\u00e3o Paulo);<\/p>\n<p>ZAGUEIROS: Henri (Palmeiras), Luan Patrick (Athletico-PR), Paulo Eduardo (Cruzeiro), Renan (Palmeiras);<\/p>\n<p>MEIO-CAMPISTAS: Daniel Cabral (Flamengo), Diego Rosa (Gr\u00eamio), Reinier (Flamengo), Sandry (Santos), Talles Costa (S\u00e3o Paulo)<\/p>\n<p>ATACANTES: Gabriel Veron (Palmeiras), Jo\u00e3o Peglow (Internacional), Juan (S\u00e3o Paulo), Kaio Jorge (Santos), Talles Magno (Vasco).<\/p>\n<p>A apresenta\u00e7\u00e3o de todos os jogadores convocados ser\u00e1 no pr\u00f3ximo dia\u00a07 de outubro\u00a0na Granja Comary, em Teres\u00f3polis (RJ). No cronograma da prepara\u00e7\u00e3o est\u00e1 previsto um amistoso contra os Estados Unidos no dia\u00a019 de outubro. Os confrontos pela fase de grupos da Copa do Mundo Sub-17 est\u00e3o marcados para os dias\u00a026 de outubro\u00a0(Brasil x Canad\u00e1),\u00a029 de outubro\u00a0(Brasil x Nova Zel\u00e2ndia) e 1\u00ba de novembro (Brasil x Angola).<\/p>\n<p>Fonte: Ag\u00eancia Brasil<\/p>\n","protected":false},"excerpt":{"rendered":"<p>Foram conhecidos nesta manh\u00e3 os jogadores da sele\u00e7\u00e3o sub-17 que v\u00e3o defender a camisa verde e amarela na Copa do Mundo da categoria. O torneio ser\u00e1 pela primeira vez realizado no Brasil: entre os dias\u00a026 de outubro\u00a0e\u00a017 de novembro. O an\u00fancio foi feito\u00a0nessa sexta-feira (20) na sede da Confedera\u00e7\u00e3o Brasileira de Futebol (CBF), no Rio\u00a0de [&hellip;]<\/p>\n","protected":false},"author":96,"featured_media":133585,"comment_status":"closed","ping_status":"closed","sticky":false,"template":"","format":"standard","meta":{"footnotes":""},"categories":[436,257,439],"tags":[],"class_list":["post-148142","post","type-post","status-publish","format-standard","has-post-thumbnail","hentry","category-destaque-da-semana","category-esporte","category-ultima-hora"],"_links":{"self":[{"href":"https:\/\/diarioregionaldigital.com.br\/index.php?rest_route=\/wp\/v2\/posts\/148142","targetHints":{"allow":["GET"]}}],"collection":[{"href":"https:\/\/diarioregionaldigital.com.br\/index.php?rest_route=\/wp\/v2\/posts"}],"about":[{"href":"https:\/\/diarioregionaldigital.com.br\/index.php?rest_route=\/wp\/v2\/types\/post"}],"author":[{"embeddable":true,"href":"https:\/\/diarioregionaldigital.com.br\/index.php?rest_route=\/wp\/v2\/users\/96"}],"replies":[{"embeddable":true,"href":"https:\/\/diarioregionaldigital.com.br\/index.php?rest_route=%2Fwp%2Fv2%2Fcomments&post=148142"}],"version-history":[{"count":0,"href":"https:\/\/diarioregionaldigital.com.br\/index.php?rest_route=\/wp\/v2\/posts\/148142\/revisions"}],"wp:featuredmedia":[{"embeddable":true,"href":"https:\/\/diarioregionaldigital.com.br\/index.php?rest_route=\/wp\/v2\/media\/133585"}],"wp:attachment":[{"href":"https:\/\/diarioregionaldigital.com.br\/index.php?rest_route=%2Fwp%2Fv2%2Fmedia&parent=148142"}],"wp:term":[{"taxonomy":"category","embeddable":true,"href":"https:\/\/diarioregionaldigital.com.br\/index.php?rest_route=%2Fwp%2Fv2%2Fcategories&post=148142"},{"taxonomy":"post_tag","embeddable":true,"href":"https:\/\/diarioregionaldigital.com.br\/index.php?rest_route=%2Fwp%2Fv2%2Ftags&post=148142"}],"curies":[{"name":"wp","href":"https:\/\/api.w.org\/{rel}","templated":true}]}}