{"id":148138,"date":"2019-09-20T12:23:09","date_gmt":"2019-09-20T15:23:09","guid":{"rendered":"https:\/\/diarioregionaldigital.com.br\/?p=148138"},"modified":"2019-09-20T12:23:09","modified_gmt":"2019-09-20T15:23:09","slug":"onu-diz-que-cerca-de-7-mil-recem-nascidos-morrem-diariamente-no-mundo","status":"publish","type":"post","link":"https:\/\/diarioregionaldigital.com.br\/?p=148138","title":{"rendered":"ONU diz que cerca de 7 mil rec\u00e9m-nascidos morrem diariamente no mundo"},"content":{"rendered":"<p>Relat\u00f3rio divulgado por ag\u00eancias das Na\u00e7\u00f5es Unidas estima que quase 7 mil beb\u00eas morrem todos os dias antes de completar um m\u00eas de vida, e pede a na\u00e7\u00f5es que adotem medidas para melhorar a situa\u00e7\u00e3o.<\/p>\n<p>A Organiza\u00e7\u00e3o Mundial da Sa\u00fade (OMS) e o Fundo das Na\u00e7\u00f5es Unidas para a Inf\u00e2ncia (Unicef) anunciaram que as taxas de sobreviv\u00eancia de rec\u00e9m-nascidos v\u00eam melhorando desde 2000, mas cerca de 2,5 milh\u00f5es de beb\u00eas morreram em 2018.<\/p>\n<p>Segundo o relat\u00f3rio, uma em cada 37 mulheres na \u00c1frica Subsaariana morre durante a gesta\u00e7\u00e3o ou o parto. O documento lembra que mulheres no parto e seus beb\u00eas enfrentam risco maior em pa\u00edses em que h\u00e1 conflitos ou crise humanit\u00e1ria, como S\u00edria e Venezuela, por n\u00e3o tere acesso a tratamentos essenciais.<\/p>\n<h2>Meta<\/h2>\n<p>A meta global prevista nos Objetivos de Desenvolvimento Sustent\u00e1vel \u00e9 reduzir a taxa de mortalidade materna global para menos de 70 por 100 mil nascidos vivos at\u00e9 2030.<\/p>\n<p>Mulheres e crian\u00e7as est\u00e3o sobrevivendo hoje mais do que antes na hist\u00f3ria, de acordo com as novas estimativas de mortalidade infantil e materna divulgadas no relat\u00f3rio.<\/p>\n<p>Desde 2000, as mortes infantis diminu\u00edram quase a metade e as mortes maternas em mais de um ter\u00e7o, principalmente devido ao acesso melhorado a servi\u00e7os de sa\u00fade dispon\u00edveis e de qualidade.<\/p>\n<p>\u201cNos pa\u00edses em que se fornecem servi\u00e7os de sa\u00fade seguros, acess\u00edveis e de alta qualidade para todos, mulheres e beb\u00eas sobrevivem e prosperam\u201d, disse Tedros Adhanom Ghebreyesus, diretor-geral da OMS. \u201cEsse \u00e9 o poder da cobertura universal de sa\u00fade.\u201d<\/p>\n<p>&nbsp;<\/p>\n<p>Fonte: Ag\u00eancia Brasil<\/p>\n","protected":false},"excerpt":{"rendered":"<p>Relat\u00f3rio divulgado por ag\u00eancias das Na\u00e7\u00f5es Unidas estima que quase 7 mil beb\u00eas morrem todos os dias antes de completar um m\u00eas de vida, e pede a na\u00e7\u00f5es que adotem medidas para melhorar a situa\u00e7\u00e3o. A Organiza\u00e7\u00e3o Mundial da Sa\u00fade (OMS) e o Fundo das Na\u00e7\u00f5es Unidas para a Inf\u00e2ncia (Unicef) anunciaram que as taxas [&hellip;]<\/p>\n","protected":false},"author":96,"featured_media":148135,"comment_status":"closed","ping_status":"closed","sticky":false,"template":"","format":"standard","meta":{"footnotes":""},"categories":[302,436,439],"tags":[],"class_list":["post-148138","post","type-post","status-publish","format-standard","has-post-thumbnail","hentry","category-brasil-mundo","category-destaque-da-semana","category-ultima-hora"],"_links":{"self":[{"href":"https:\/\/diarioregionaldigital.com.br\/index.php?rest_route=\/wp\/v2\/posts\/148138","targetHints":{"allow":["GET"]}}],"collection":[{"href":"https:\/\/diarioregionaldigital.com.br\/index.php?rest_route=\/wp\/v2\/posts"}],"about":[{"href":"https:\/\/diarioregionaldigital.com.br\/index.php?rest_route=\/wp\/v2\/types\/post"}],"author":[{"embeddable":true,"href":"https:\/\/diarioregionaldigital.com.br\/index.php?rest_route=\/wp\/v2\/users\/96"}],"replies":[{"embeddable":true,"href":"https:\/\/diarioregionaldigital.com.br\/index.php?rest_route=%2Fwp%2Fv2%2Fcomments&post=148138"}],"version-history":[{"count":0,"href":"https:\/\/diarioregionaldigital.com.br\/index.php?rest_route=\/wp\/v2\/posts\/148138\/revisions"}],"wp:featuredmedia":[{"embeddable":true,"href":"https:\/\/diarioregionaldigital.com.br\/index.php?rest_route=\/wp\/v2\/media\/148135"}],"wp:attachment":[{"href":"https:\/\/diarioregionaldigital.com.br\/index.php?rest_route=%2Fwp%2Fv2%2Fmedia&parent=148138"}],"wp:term":[{"taxonomy":"category","embeddable":true,"href":"https:\/\/diarioregionaldigital.com.br\/index.php?rest_route=%2Fwp%2Fv2%2Fcategories&post=148138"},{"taxonomy":"post_tag","embeddable":true,"href":"https:\/\/diarioregionaldigital.com.br\/index.php?rest_route=%2Fwp%2Fv2%2Ftags&post=148138"}],"curies":[{"name":"wp","href":"https:\/\/api.w.org\/{rel}","templated":true}]}}