{"id":148133,"date":"2019-09-20T12:21:24","date_gmt":"2019-09-20T15:21:24","guid":{"rendered":"https:\/\/diarioregionaldigital.com.br\/?p=148133"},"modified":"2019-09-20T12:21:24","modified_gmt":"2019-09-20T15:21:24","slug":"coreia-do-norte-estaria-construindo-submarino-para-lancar-misseis","status":"publish","type":"post","link":"https:\/\/diarioregionaldigital.com.br\/?p=148133","title":{"rendered":"Coreia do Norte estaria construindo submarino para lan\u00e7ar m\u00edsseis"},"content":{"rendered":"<p>Pesquisadores americanos afirmam que imagens de sat\u00e9lite sugerem que a Coreia do Norte poder\u00e1 est\u00e1 preparando o posicionamento de um submarino capaz de lan\u00e7ar m\u00edsseis bal\u00edsticos.<\/p>\n<p>Pesquisadores do Instituto Middlebury de Estudos Internacionais e do Planet Labs, operadora de sat\u00e9lites, declararam \u00e0 NHK que analisaram imagens de um estaleiro na cidade de Sinpo, no leste do pa\u00eds.<\/p>\n<p>No dia 3 de setembro, pelo menos13 objetos similares a pilares puderam ser vistos ao longo do cais, com alguns ve\u00edculos se movimentando na \u00e1rea.<\/p>\n<p>Imagens tiradas no dia 12 de setembro mostram a constru\u00e7\u00e3o de uma grande estrutura cobrindo o cais e a \u00e1gua.<\/p>\n<p>As mais recentes imagens, obtidas nessa quinta-feira (19), mostram a estrutura cobrindo quase completamente o cais.<\/p>\n<p>Os pesquisadores disseram que a estrutura tem, agora, extens\u00e3o de 100 metros, que \u00e9 muito mais longa do que a usada para a constru\u00e7\u00e3o de submarinos convencionais norte-coreanos.<\/p>\n<p>Disseram ainda que Pyongyang, a capital norte-coreana, poder\u00e1 estar se preparando para o lan\u00e7amento de um novo submarino capaz de transportar m\u00edsseis bal\u00edsticos.<\/p>\n<p>O pesquisador s\u00eanior David Schmerler afirmou que a estrutura poder\u00e1 ser usada para a manuten\u00e7\u00e3o e o desenvolvimento de submarinos, levando o pa\u00eds a um programa de m\u00edsseis bal\u00edsticos lan\u00e7ados por submarino.<\/p>\n<p>Fonte: Ag\u00eancia Brasil<\/p>\n","protected":false},"excerpt":{"rendered":"<p>Pesquisadores americanos afirmam que imagens de sat\u00e9lite sugerem que a Coreia do Norte poder\u00e1 est\u00e1 preparando o posicionamento de um submarino capaz de lan\u00e7ar m\u00edsseis bal\u00edsticos. Pesquisadores do Instituto Middlebury de Estudos Internacionais e do Planet Labs, operadora de sat\u00e9lites, declararam \u00e0 NHK que analisaram imagens de um estaleiro na cidade de Sinpo, no leste [&hellip;]<\/p>\n","protected":false},"author":96,"featured_media":148136,"comment_status":"closed","ping_status":"closed","sticky":false,"template":"","format":"standard","meta":{"footnotes":""},"categories":[302,436,439],"tags":[],"class_list":["post-148133","post","type-post","status-publish","format-standard","has-post-thumbnail","hentry","category-brasil-mundo","category-destaque-da-semana","category-ultima-hora"],"_links":{"self":[{"href":"https:\/\/diarioregionaldigital.com.br\/index.php?rest_route=\/wp\/v2\/posts\/148133","targetHints":{"allow":["GET"]}}],"collection":[{"href":"https:\/\/diarioregionaldigital.com.br\/index.php?rest_route=\/wp\/v2\/posts"}],"about":[{"href":"https:\/\/diarioregionaldigital.com.br\/index.php?rest_route=\/wp\/v2\/types\/post"}],"author":[{"embeddable":true,"href":"https:\/\/diarioregionaldigital.com.br\/index.php?rest_route=\/wp\/v2\/users\/96"}],"replies":[{"embeddable":true,"href":"https:\/\/diarioregionaldigital.com.br\/index.php?rest_route=%2Fwp%2Fv2%2Fcomments&post=148133"}],"version-history":[{"count":0,"href":"https:\/\/diarioregionaldigital.com.br\/index.php?rest_route=\/wp\/v2\/posts\/148133\/revisions"}],"wp:featuredmedia":[{"embeddable":true,"href":"https:\/\/diarioregionaldigital.com.br\/index.php?rest_route=\/wp\/v2\/media\/148136"}],"wp:attachment":[{"href":"https:\/\/diarioregionaldigital.com.br\/index.php?rest_route=%2Fwp%2Fv2%2Fmedia&parent=148133"}],"wp:term":[{"taxonomy":"category","embeddable":true,"href":"https:\/\/diarioregionaldigital.com.br\/index.php?rest_route=%2Fwp%2Fv2%2Fcategories&post=148133"},{"taxonomy":"post_tag","embeddable":true,"href":"https:\/\/diarioregionaldigital.com.br\/index.php?rest_route=%2Fwp%2Fv2%2Ftags&post=148133"}],"curies":[{"name":"wp","href":"https:\/\/api.w.org\/{rel}","templated":true}]}}