{"id":148130,"date":"2019-09-20T12:12:51","date_gmt":"2019-09-20T15:12:51","guid":{"rendered":"https:\/\/diarioregionaldigital.com.br\/?p=148130"},"modified":"2019-09-20T12:12:51","modified_gmt":"2019-09-20T15:12:51","slug":"greve-global-pelo-clima-deve-levar-milhoes-as-ruas-nesta-sexta-feira","status":"publish","type":"post","link":"https:\/\/diarioregionaldigital.com.br\/?p=148130","title":{"rendered":"Greve Global pelo Clima deve levar milh\u00f5es \u00e0s ruas nesta sexta-feira"},"content":{"rendered":"<p>Uma greve global pelo clima come\u00e7ou nesta sexta-feira (20) em mais de 130 pa\u00edses. O objetivo \u00e9 exigir a\u00e7\u00f5es concretas contra as mudan\u00e7as clim\u00e1ticas. \u201cEstamos lutando por n\u00f3s, pelos nossos amigos, pela nossa fam\u00edlia e pelo rapaz que mora na nossa rua. Lutamos porque \u00e9 essa a nossa obriga\u00e7\u00e3o\u201d, explica Katie Eder, a ativista de 19 anos respons\u00e1vel por tr\u00eas organiza\u00e7\u00f5es dedicadas ao meio ambiente e ao impacto social.<\/p>\n<p>Entre os v\u00e1rios cartazes dos milhares de participantes, frases como \u201ca temperatura est\u00e1 aumentando\u201d, \u201ceste \u00e9 o nosso futuro\u201d, \u201csalvem a Terra, amem a vida\u201d lideraram o protesto.<\/p>\n<p>Esta \u00e9 a terceira greve de uma s\u00e9rie mundial de com\u00edcios clim\u00e1ticos. A maioria \u00e9 organizada por estudantes e liderada por Greta Thunberg, a ativista sueca de 16 anos, que recentemente cruzou o Atl\u00e2ntico de barco.<\/p>\n<p>Neste m\u00eas, al\u00e9m dos jovens, as manifesta\u00e7\u00f5es v\u00e3o contar tamb\u00e9m com a presen\u00e7a de v\u00e1rias associa\u00e7\u00f5es humanit\u00e1rias, sociedades dedicadas \u00e0s causas ambientais e funcion\u00e1rios de algumas das maiores marcas comerciais do mundo, como a Amazon e a Microsoft.<\/p>\n<p>De acordo com Greta, que atualmente se encontra em Nova York para a C\u00fapula Clim\u00e1tica das Na\u00e7\u00f5es Unidas, que ter\u00e1 in\u00edcio segunda-feira (21), foram organizados cerca de 4.638 eventos em 139 pa\u00edses.<\/p>\n<p>O objetivo das greves \u00e9 pressionar os pol\u00edticos e outros membros do poder, levando-os a agir para resolver a atual crise clim\u00e1tica e a prevenir o aparecimento de outras no futuro.<\/p>\n<p>Para a adolescente Katie Eder, diretora executiva da Future Coalition \u2013 uma organiza\u00e7\u00e3o americana sem fins lucrativos focada em promover mudan\u00e7as sociais -, a manifesta\u00e7\u00e3o desta sexta-feira serve, sobretudo, para conseguir um novo acordo ambiental (Green New Deal).<\/p>\n<p>Desde a suspens\u00e3o imediata de projetos f\u00f3sseis em terras ind\u00edgenas, \u00e0 implementa\u00e7\u00e3o de uma agricultura sustent\u00e1vel, v\u00e1rias s\u00e3o as reivindica\u00e7\u00f5es que os jovens querem ver atendidas.<\/p>\n<p>Em Nova york, mais de 1 milh\u00e3o de alunos de escolas p\u00fablicas est\u00e3o autorizados a faltar \u00e0s aulas hoje para participar da manifesta\u00e7\u00e3o, se os pais permitirem.<\/p>\n<p>Fonte: Ag\u00eancia Brasil<\/p>\n","protected":false},"excerpt":{"rendered":"<p>Uma greve global pelo clima come\u00e7ou nesta sexta-feira (20) em mais de 130 pa\u00edses. O objetivo \u00e9 exigir a\u00e7\u00f5es concretas contra as mudan\u00e7as clim\u00e1ticas. \u201cEstamos lutando por n\u00f3s, pelos nossos amigos, pela nossa fam\u00edlia e pelo rapaz que mora na nossa rua. Lutamos porque \u00e9 essa a nossa obriga\u00e7\u00e3o\u201d, explica Katie Eder, a ativista de [&hellip;]<\/p>\n","protected":false},"author":96,"featured_media":148131,"comment_status":"closed","ping_status":"closed","sticky":false,"template":"","format":"standard","meta":{"footnotes":""},"categories":[302,436,439],"tags":[],"class_list":["post-148130","post","type-post","status-publish","format-standard","has-post-thumbnail","hentry","category-brasil-mundo","category-destaque-da-semana","category-ultima-hora"],"_links":{"self":[{"href":"https:\/\/diarioregionaldigital.com.br\/index.php?rest_route=\/wp\/v2\/posts\/148130","targetHints":{"allow":["GET"]}}],"collection":[{"href":"https:\/\/diarioregionaldigital.com.br\/index.php?rest_route=\/wp\/v2\/posts"}],"about":[{"href":"https:\/\/diarioregionaldigital.com.br\/index.php?rest_route=\/wp\/v2\/types\/post"}],"author":[{"embeddable":true,"href":"https:\/\/diarioregionaldigital.com.br\/index.php?rest_route=\/wp\/v2\/users\/96"}],"replies":[{"embeddable":true,"href":"https:\/\/diarioregionaldigital.com.br\/index.php?rest_route=%2Fwp%2Fv2%2Fcomments&post=148130"}],"version-history":[{"count":0,"href":"https:\/\/diarioregionaldigital.com.br\/index.php?rest_route=\/wp\/v2\/posts\/148130\/revisions"}],"wp:featuredmedia":[{"embeddable":true,"href":"https:\/\/diarioregionaldigital.com.br\/index.php?rest_route=\/wp\/v2\/media\/148131"}],"wp:attachment":[{"href":"https:\/\/diarioregionaldigital.com.br\/index.php?rest_route=%2Fwp%2Fv2%2Fmedia&parent=148130"}],"wp:term":[{"taxonomy":"category","embeddable":true,"href":"https:\/\/diarioregionaldigital.com.br\/index.php?rest_route=%2Fwp%2Fv2%2Fcategories&post=148130"},{"taxonomy":"post_tag","embeddable":true,"href":"https:\/\/diarioregionaldigital.com.br\/index.php?rest_route=%2Fwp%2Fv2%2Ftags&post=148130"}],"curies":[{"name":"wp","href":"https:\/\/api.w.org\/{rel}","templated":true}]}}