{"id":148067,"date":"2019-09-20T06:00:59","date_gmt":"2019-09-20T09:00:59","guid":{"rendered":"https:\/\/diarioregionaldigital.com.br\/?p=148067"},"modified":"2019-09-19T18:26:31","modified_gmt":"2019-09-19T21:26:31","slug":"mourao-diz-que-para-retomar-crescimento-e-preciso-debelar-crise-fiscal","status":"publish","type":"post","link":"https:\/\/diarioregionaldigital.com.br\/?p=148067","title":{"rendered":"Mour\u00e3o diz que para retomar crescimento \u00e9 preciso debelar crise fiscal"},"content":{"rendered":"<p>O vice-presidente Hamilton Mour\u00e3o, disse nessa quinta-feira (19), durante palestra para empres\u00e1rios na capital paulista, que a \u00fanica maneira de retomar o crescimento do pa\u00eds \u00e9 debelando a crise fiscal por meio do ajuste das contas p\u00fablicas, sendo que a primeira quest\u00e3o a ser tratada \u00e9 a Reforma da Previd\u00eancia. \u201cTodos est\u00e3o conscientes de que o sistema previdenci\u00e1rio que n\u00f3s t\u00ednhamos era uma pir\u00e2mide, na qual n\u00f3s que somos mais velhos vamos receber e os mais novos v\u00e3o trabalhar at\u00e9 o tumulo e n\u00e3o vai ter aposentadoria para eles\u201d.<\/p>\n<p>Segundo Mour\u00e3o, a reforma da Previd\u00eancia deve ser aprovada at\u00e9 o dia 18 de outubro, o que \u00e9 uma grande vit\u00f3ria, porque ningu\u00e9m acreditava que isso ocorreria ainda este ano. \u201c\u00c9 uma vit\u00f3ria porque vai dar previsibilidade ao nosso or\u00e7amento com rela\u00e7\u00e3o \u00e0 quest\u00e3o previdenci\u00e1ria, que \u00e9 o que n\u00e3o era mais previs\u00edvel, porque todo ano avan\u00e7a o gasto previdenci\u00e1rio, espremendo as demais despesas.&#8221;<\/p>\n<p>Mour\u00e3o defendeu a desvincula\u00e7\u00e3o do or\u00e7amento que est\u00e1 engessado, porque de R$ 100 que o governo recebe de contribui\u00e7\u00e3o, R$ 95 j\u00e1 est\u00e3o comprometidos, deixando o governo sem espa\u00e7o para \u201ctocar\u201d a m\u00e1quina p\u00fablica. \u201cPara tentar controlar, criou-se o teto de gastos, que \u00e9 nada mais que \u2018o gasto avan\u00e7ar de acordo com a infla\u00e7\u00e3o do ano anterior\u2019. Mas o que acontece \u00e9 que as despesas previdenci\u00e1rias, benef\u00edcios, aumentos concedidos em anos anteriores para o funcionalismo v\u00eam acima da infla\u00e7\u00e3o. A\u00ed falta dinheiro para defesa, acaba tendo que cortar recurso da educa\u00e7\u00e3o, da sa\u00fade, mesmo sendo despesas obrigat\u00f3rias.&#8221;<\/p>\n<p>O vice-presidente ressaltou que o teto de gastos \u00e9 a melhor forma de conter o desequil\u00edbrio fiscal, sendo uma \u00e2ncora para que o governo n\u00e3o ultrapasse os custos. Ele defendeu que o aumento de sal\u00e1rio para os servidores p\u00fablicos seja concedido apenas se houver previs\u00e3o de aumento do Produto Interno Bruto (PIB) e da arrecada\u00e7\u00e3o com revis\u00e3o de crescimento sustent\u00e1vel. \u201cO governo n\u00e3o fabrica dinheiro. O caminho e sabermos que estamos em um momento crucial de manter nossa vis\u00e3o ortodoxa da solu\u00e7\u00e3o do problema fiscal do pa\u00eds.&#8221;<\/p>\n<p>Mour\u00e3o disse ainda que h\u00e1 funcion\u00e1rios p\u00fablicos em processo de aposentadoria e uma das formas de o governo economizar ser\u00e1 n\u00e3o contratando outros para substituir, fazendo ent\u00e3o um enxugamento da m\u00e1quina p\u00fablica. Ser\u00e3o feitas reposi\u00e7\u00f5es apenas nas \u00e1reas extremamente sens\u00edveis e necess\u00e1rias, al\u00e9m de uma gest\u00e3o profissional do setor p\u00fablicos. \u201cTemos que acabar com aquela hist\u00f3ria de que o governo entra e vai colocar 20 mil funcion\u00e1rios. Mil est\u00e1 bom, para aqueles cargos de confian\u00e7a principais. O resto \u00e9 corpo profissional do funcionalismo.&#8221;<\/p>\n<p>Ele tamb\u00e9m defendeu que para aumentar a produtividade no pa\u00eds \u00e9 preciso conceder e privatizar, mas para isso \u00e9 preciso ter um ambiente est\u00e1vel de neg\u00f3cios com seguran\u00e7a jur\u00eddica e capacidade para atrair investidores. \u201cVeja a pr\u00f3pria quest\u00e3o do pr\u00e9-sal, em 2007 poder\u00edamos ter avan\u00e7ado na explora\u00e7\u00e3o e hoje estar\u00edamos nadando de bra\u00e7ada, mas ficamos estagnados 12 anos por mera quest\u00e3o ideol\u00f3gica.&#8221;<\/p>\n<p>De acordo com o vice-presidente, o pa\u00eds tem totais condi\u00e7\u00f5es de aprovar a Reforma Tribut\u00e1ria at\u00e9 o primeiro semestre do ano que vem. Para ele a reforma \u00e9 prioridade para o Brasil. \u201cNosso sistema \u00e9 ca\u00f3tico, a quantidade de legisla\u00e7\u00e3o e impostos absurdos, que s\u00e3o a loucura de qualquer empres\u00e1rio, prestador de servi\u00e7o e pessoa que est\u00e1 trabalhando e produzindo. Precisamos reorganizar e em uma segunda fase baixar as al\u00edquotas. Hoje pagamos 33% de imposto. Acho que todos estariam satisfeitos se estiv\u00e9ssemos pagando e o governo estivesse dando retorno, o que n\u00e3o \u00e9 o caso.&#8221;<\/p>\n<p>Fonte: Ag\u00eancia Brasil<\/p>\n","protected":false},"excerpt":{"rendered":"<p>O vice-presidente Hamilton Mour\u00e3o, disse nessa quinta-feira (19), durante palestra para empres\u00e1rios na capital paulista, que a \u00fanica maneira de retomar o crescimento do pa\u00eds \u00e9 debelando a crise fiscal por meio do ajuste das contas p\u00fablicas, sendo que a primeira quest\u00e3o a ser tratada \u00e9 a Reforma da Previd\u00eancia. \u201cTodos est\u00e3o conscientes de que [&hellip;]<\/p>\n","protected":false},"author":96,"featured_media":148068,"comment_status":"closed","ping_status":"closed","sticky":false,"template":"","format":"standard","meta":{"footnotes":""},"categories":[436,254,439],"tags":[],"class_list":["post-148067","post","type-post","status-publish","format-standard","has-post-thumbnail","hentry","category-destaque-da-semana","category-politica","category-ultima-hora"],"_links":{"self":[{"href":"https:\/\/diarioregionaldigital.com.br\/index.php?rest_route=\/wp\/v2\/posts\/148067","targetHints":{"allow":["GET"]}}],"collection":[{"href":"https:\/\/diarioregionaldigital.com.br\/index.php?rest_route=\/wp\/v2\/posts"}],"about":[{"href":"https:\/\/diarioregionaldigital.com.br\/index.php?rest_route=\/wp\/v2\/types\/post"}],"author":[{"embeddable":true,"href":"https:\/\/diarioregionaldigital.com.br\/index.php?rest_route=\/wp\/v2\/users\/96"}],"replies":[{"embeddable":true,"href":"https:\/\/diarioregionaldigital.com.br\/index.php?rest_route=%2Fwp%2Fv2%2Fcomments&post=148067"}],"version-history":[{"count":0,"href":"https:\/\/diarioregionaldigital.com.br\/index.php?rest_route=\/wp\/v2\/posts\/148067\/revisions"}],"wp:featuredmedia":[{"embeddable":true,"href":"https:\/\/diarioregionaldigital.com.br\/index.php?rest_route=\/wp\/v2\/media\/148068"}],"wp:attachment":[{"href":"https:\/\/diarioregionaldigital.com.br\/index.php?rest_route=%2Fwp%2Fv2%2Fmedia&parent=148067"}],"wp:term":[{"taxonomy":"category","embeddable":true,"href":"https:\/\/diarioregionaldigital.com.br\/index.php?rest_route=%2Fwp%2Fv2%2Fcategories&post=148067"},{"taxonomy":"post_tag","embeddable":true,"href":"https:\/\/diarioregionaldigital.com.br\/index.php?rest_route=%2Fwp%2Fv2%2Ftags&post=148067"}],"curies":[{"name":"wp","href":"https:\/\/api.w.org\/{rel}","templated":true}]}}