{"id":148059,"date":"2019-09-20T06:00:54","date_gmt":"2019-09-20T09:00:54","guid":{"rendered":"https:\/\/diarioregionaldigital.com.br\/?p=148059"},"modified":"2019-09-19T18:21:03","modified_gmt":"2019-09-19T21:21:03","slug":"maia-diz-que-fundo-eleitoral-e-necessario-para-equilibrar-campanhas","status":"publish","type":"post","link":"https:\/\/diarioregionaldigital.com.br\/?p=148059","title":{"rendered":"Maia diz que Fundo Eleitoral \u00e9 necess\u00e1rio para equilibrar campanhas"},"content":{"rendered":"<p>O presidente da C\u00e2mara dos Deputados, Rodrigo Maia, defendeu nessa quinta-feira (19) o uso do Fundo Eleitoral para financiar campanhas. Segundo ele, os recursos p\u00fablicos equilibram a disputa entre os candidatos. \u201cQuando se decidiu por n\u00e3o ter financiamento privado, voc\u00ea n\u00e3o tem outra sa\u00edda. Porque se n\u00e3o tiver financiamento p\u00fablico, s\u00f3 ter\u00e3o financiamento as campanhas que estiverem vinculadas a um empres\u00e1rio rico que possa doar como pessoa f\u00edsica\u201d, disse, ap\u00f3s participar de um semin\u00e1rio sobre a reforma tributaria promovido pela C\u00e2mara Americana de Com\u00e9rcio.<\/p>\n<p>Em 2015, o Supremo Tribunal Federal proibiu empresas de financiarem campanhas eleitorais. Atualmente, os candidatos s\u00f3 podem receber doa\u00e7\u00f5es de pessoas f\u00edsicas ou usar os recursos do fundo eleitoral. O valor do fundo eleitoral em 2018 foi de R$ 1,8 bilh\u00e3o.<\/p>\n<p>O plen\u00e1rio da C\u00e2mara votou, na noite de ontem (18), o projeto de lei que altera regras sobre o Fundo Partid\u00e1rio e o Fundo Eleitoral. O projeto havia sido aprovado anteriormente pelos deputados, mas sofreu modifica\u00e7\u00f5es no Senado. Os senadores mantiveram apenas a destina\u00e7\u00e3o de recursos ao fundo eleitoral, rejeitando todas as outras altera\u00e7\u00f5es feitas pela C\u00e2mara.<\/p>\n<h2>Avan\u00e7o<\/h2>\n<p>Para Maia, o texto aprovado \u00e9 \u201cum avan\u00e7o\u201d em rela\u00e7\u00e3o \u00e0s propostas iniciais. \u201cFoi aprovado um texto que melhorou do texto inicial da C\u00e2mara dos Deputados. Tiramos as principais pol\u00eamicas. Algumas ainda existem. Cabe ao presidente decidir o que sanciona e o que veta. N\u00f3s entendemos que a maior parte do texto representa um avan\u00e7o\u201d, ressaltou.<\/p>\n<p>Os deputados aprovaram a exclus\u00e3o dos quatro pontos e mantiveram no projeto a obrigatoriedade de uso do sistema eletr\u00f4nico do Tribunal Superior Eleitoral (TSE) para a presta\u00e7\u00e3o de contas. Tamb\u00e9m rejeitaram o trecho que previa a aplica\u00e7\u00e3o de multa de 20% sobre montante considerado irregular no julgamento da presta\u00e7\u00e3o de contas, apenas no caso de dolo. Manteve, ainda, os prazos atuais de presta\u00e7\u00e3o de contas por parte dos partidos, e excluiu do texto o item que permitia aos partidos corrigir erros formais e materiais, omiss\u00f5es ou atrasos em sua presta\u00e7\u00e3o de contas at\u00e9 o seu julgamento, para evitar a rejei\u00e7\u00e3o das mesmas.<\/p>\n<p>O projeto aprovado manteve novas situa\u00e7\u00f5es, em que ser\u00e1 permitido o uso de recursos do Fundo Partid\u00e1rio. Pelo texto aprovado pelos deputados, o fundo poder\u00e1 ser usado para servi\u00e7os de consultoria cont\u00e1bil e advocat\u00edcia; pagar juros, multas, d\u00e9bitos eleitorais e demais san\u00e7\u00f5es relacionadas \u00e0 legisla\u00e7\u00e3o eleitoral ou partid\u00e1ria; compra ou loca\u00e7\u00e3o de bens m\u00f3veis e im\u00f3veis, constru\u00e7\u00e3o de sedes, realiza\u00e7\u00e3o de reformas; e pagamento pelo impulsionamento de conte\u00fados na internet, incluindo a prioriza\u00e7\u00e3o em resultados de sites de pesquisa.<\/p>\n<h2>Receita Federal<\/h2>\n<p>O presidente da C\u00e2mara prop\u00f4s a divis\u00e3o das atribui\u00e7\u00f5es da Receita Federal em mais \u00f3rg\u00e3os. Segundo Maia, existe uma concentra\u00e7\u00e3o excessiva de poder atualmente. \u201cA Receita hoje faz as normas, arrecada, fiscaliza e julga, no Conselho Administrativo de Recursos Fiscais (Carf). Ficou um superpoder contra o contribuinte. Eu acho que se deve debater se um \u00f3rg\u00e3o deve ficar com toda a cadeia, ou se deve se separar a cadeia\u201d, disse.<\/p>\n<p>A redu\u00e7\u00e3o da concentra\u00e7\u00e3o de atribui\u00e7\u00f5es da Receita Federal n\u00e3o traria, de acordo com Maia, riscos \u00e0 fiscaliza\u00e7\u00e3o ou combate a corrup\u00e7\u00e3o. \u201cTodos os julgamentos, a Receita tem o voto de minerva [voto decisivo]. Isso n\u00e3o tem nada a ver com corrup\u00e7\u00e3o\u201d, enfatizou.<\/p>\n<p>Fonte: Ag\u00eancia Brasil<\/p>\n","protected":false},"excerpt":{"rendered":"<p>O presidente da C\u00e2mara dos Deputados, Rodrigo Maia, defendeu nessa quinta-feira (19) o uso do Fundo Eleitoral para financiar campanhas. Segundo ele, os recursos p\u00fablicos equilibram a disputa entre os candidatos. \u201cQuando se decidiu por n\u00e3o ter financiamento privado, voc\u00ea n\u00e3o tem outra sa\u00edda. Porque se n\u00e3o tiver financiamento p\u00fablico, s\u00f3 ter\u00e3o financiamento as campanhas [&hellip;]<\/p>\n","protected":false},"author":96,"featured_media":148060,"comment_status":"closed","ping_status":"closed","sticky":false,"template":"","format":"standard","meta":{"footnotes":""},"categories":[436,254,439],"tags":[],"class_list":["post-148059","post","type-post","status-publish","format-standard","has-post-thumbnail","hentry","category-destaque-da-semana","category-politica","category-ultima-hora"],"_links":{"self":[{"href":"https:\/\/diarioregionaldigital.com.br\/index.php?rest_route=\/wp\/v2\/posts\/148059","targetHints":{"allow":["GET"]}}],"collection":[{"href":"https:\/\/diarioregionaldigital.com.br\/index.php?rest_route=\/wp\/v2\/posts"}],"about":[{"href":"https:\/\/diarioregionaldigital.com.br\/index.php?rest_route=\/wp\/v2\/types\/post"}],"author":[{"embeddable":true,"href":"https:\/\/diarioregionaldigital.com.br\/index.php?rest_route=\/wp\/v2\/users\/96"}],"replies":[{"embeddable":true,"href":"https:\/\/diarioregionaldigital.com.br\/index.php?rest_route=%2Fwp%2Fv2%2Fcomments&post=148059"}],"version-history":[{"count":0,"href":"https:\/\/diarioregionaldigital.com.br\/index.php?rest_route=\/wp\/v2\/posts\/148059\/revisions"}],"wp:featuredmedia":[{"embeddable":true,"href":"https:\/\/diarioregionaldigital.com.br\/index.php?rest_route=\/wp\/v2\/media\/148060"}],"wp:attachment":[{"href":"https:\/\/diarioregionaldigital.com.br\/index.php?rest_route=%2Fwp%2Fv2%2Fmedia&parent=148059"}],"wp:term":[{"taxonomy":"category","embeddable":true,"href":"https:\/\/diarioregionaldigital.com.br\/index.php?rest_route=%2Fwp%2Fv2%2Fcategories&post=148059"},{"taxonomy":"post_tag","embeddable":true,"href":"https:\/\/diarioregionaldigital.com.br\/index.php?rest_route=%2Fwp%2Fv2%2Ftags&post=148059"}],"curies":[{"name":"wp","href":"https:\/\/api.w.org\/{rel}","templated":true}]}}