{"id":148014,"date":"2019-09-22T06:00:46","date_gmt":"2019-09-22T09:00:46","guid":{"rendered":"https:\/\/diarioregionaldigital.com.br\/?p=148014"},"modified":"2019-09-19T14:24:20","modified_gmt":"2019-09-19T17:24:20","slug":"audiencia-publica-ira-discutir-a-situacao-da-saude-em-juiz-de-fora","status":"publish","type":"post","link":"https:\/\/diarioregionaldigital.com.br\/?p=148014","title":{"rendered":"Audi\u00eancia p\u00fablica ir\u00e1 discutir a situa\u00e7\u00e3o da sa\u00fade em Juiz de Fora"},"content":{"rendered":"<p>Na pr\u00f3xima quarta-feira, 25, a C\u00e2mara Municipal ir\u00e1 sediar uma audi\u00eancia p\u00fablica sobre a situa\u00e7\u00e3o dos servi\u00e7os de sa\u00fade oferecidos em Juiz de Fora. Os proponentes da audi\u00eancia, marcada para \u00e0s 15h, no Plen\u00e1rio da Casa, foram os vereadores Luiz Ot\u00e1vio Fernandes Coelho &#8211; Pardal (PTC), Andr\u00e9 Mariano (PSC) e J\u00falio Obama Jr. (PHS).<\/p>\n<p>Conforme os parlamentares, o objetivo \u00e9 buscar esclarecimento sobre quest\u00f5es como a quantidade de vagas em hospitais, os n\u00fameros de leitos destinados ao SUS, a marca\u00e7\u00e3o de exames e consultas, al\u00e9m da falta de medicamentos no munic\u00edpio.<\/p>\n<p>Para apresentar informa\u00e7\u00f5es durante a audi\u00eancia, foram convocados os secret\u00e1rios de Sa\u00fade e de Governo; o subsecret\u00e1rio de Regula\u00e7\u00e3o da Secretaria de Receita; e a respons\u00e1vel pela central de vagas.<\/p>\n<p>Al\u00e9m destes, foram convidados para participar da discuss\u00e3o o 20\u00ba promotor de Justi\u00e7a; o presidente do Conselho Municipal de Sa\u00fade; o diretor da Santa Casa de Miseric\u00f3rdia; e representantes da Ouvidoria Municipal de Sa\u00fade e do Hospital Maternidade Terezinha de Jesus.<\/p>\n","protected":false},"excerpt":{"rendered":"<p>Na pr\u00f3xima quarta-feira, 25, a C\u00e2mara Municipal ir\u00e1 sediar uma audi\u00eancia p\u00fablica sobre a situa\u00e7\u00e3o dos servi\u00e7os de sa\u00fade oferecidos em Juiz de Fora. Os proponentes da audi\u00eancia, marcada para \u00e0s 15h, no Plen\u00e1rio da Casa, foram os vereadores Luiz Ot\u00e1vio Fernandes Coelho &#8211; Pardal (PTC), Andr\u00e9 Mariano (PSC) e J\u00falio Obama Jr. (PHS). Conforme [&hellip;]<\/p>\n","protected":false},"author":96,"featured_media":148017,"comment_status":"closed","ping_status":"closed","sticky":false,"template":"","format":"standard","meta":{"footnotes":""},"categories":[253,436,440,439],"tags":[],"class_list":["post-148014","post","type-post","status-publish","format-standard","has-post-thumbnail","hentry","category-cidade","category-destaque-da-semana","category-destaques-do-dia","category-ultima-hora"],"_links":{"self":[{"href":"https:\/\/diarioregionaldigital.com.br\/index.php?rest_route=\/wp\/v2\/posts\/148014","targetHints":{"allow":["GET"]}}],"collection":[{"href":"https:\/\/diarioregionaldigital.com.br\/index.php?rest_route=\/wp\/v2\/posts"}],"about":[{"href":"https:\/\/diarioregionaldigital.com.br\/index.php?rest_route=\/wp\/v2\/types\/post"}],"author":[{"embeddable":true,"href":"https:\/\/diarioregionaldigital.com.br\/index.php?rest_route=\/wp\/v2\/users\/96"}],"replies":[{"embeddable":true,"href":"https:\/\/diarioregionaldigital.com.br\/index.php?rest_route=%2Fwp%2Fv2%2Fcomments&post=148014"}],"version-history":[{"count":0,"href":"https:\/\/diarioregionaldigital.com.br\/index.php?rest_route=\/wp\/v2\/posts\/148014\/revisions"}],"wp:featuredmedia":[{"embeddable":true,"href":"https:\/\/diarioregionaldigital.com.br\/index.php?rest_route=\/wp\/v2\/media\/148017"}],"wp:attachment":[{"href":"https:\/\/diarioregionaldigital.com.br\/index.php?rest_route=%2Fwp%2Fv2%2Fmedia&parent=148014"}],"wp:term":[{"taxonomy":"category","embeddable":true,"href":"https:\/\/diarioregionaldigital.com.br\/index.php?rest_route=%2Fwp%2Fv2%2Fcategories&post=148014"},{"taxonomy":"post_tag","embeddable":true,"href":"https:\/\/diarioregionaldigital.com.br\/index.php?rest_route=%2Fwp%2Fv2%2Ftags&post=148014"}],"curies":[{"name":"wp","href":"https:\/\/api.w.org\/{rel}","templated":true}]}}