{"id":148013,"date":"2019-09-22T06:00:19","date_gmt":"2019-09-22T09:00:19","guid":{"rendered":"https:\/\/diarioregionaldigital.com.br\/?p=148013"},"modified":"2019-09-19T14:23:33","modified_gmt":"2019-09-19T17:23:33","slug":"ufjf-vai-sediar-1a-feira-do-livro-de-juiz-de-fora","status":"publish","type":"post","link":"https:\/\/diarioregionaldigital.com.br\/?p=148013","title":{"rendered":"UFJF vai sediar 1\u00aa Feira do Livro de Juiz de Fora"},"content":{"rendered":"<p>A Universidade Federal de Juiz de Fora (UFJF) sediar\u00e1 pela primeira vez, entre os dias 10 e 13 de outubro, a Feira do Livro de Juiz de Fora (FLIJUF). A feira acontecer\u00e1 na Pra\u00e7a C\u00edvica da institui\u00e7\u00e3o e ter\u00e1 sua programa\u00e7\u00e3o integrada com outros dois eventos: o Crian\u00e7a Integra\u00e7\u00e3o, no s\u00e1bado, dia 12, e o Domingo no Campus, dia 13.<\/p>\n<p>Com toda programa\u00e7\u00e3o gratuita e \u00e9 aberta a toda a popula\u00e7\u00e3o, a edi\u00e7\u00e3o de 2019 vai homenagear a educadora e escritora L\u00facia Casasanta em uma programa\u00e7\u00e3o que integra arte e cultura. A FLIJUF acontece das 9h at\u00e9 as 21h todos os dias, com exce\u00e7\u00e3o de domingo, que se encerra \u00e0s 18h. Outros detalhes da programa\u00e7\u00e3o e parcerias podem ser encontrados no Instagram da FLIJUF.<\/p>\n<p>Conforme a institui\u00e7\u00e3o, durante os quatro dias do evento, a FLIJUF contar\u00e1 com lan\u00e7amentos de livros, palestras, apresenta\u00e7\u00f5es de dan\u00e7a, conta\u00e7\u00e3o de hist\u00f3rias e outras atividades art\u00edsticas.<\/p>\n<p>Conforme a UFJF, um dos destaques do cronograma \u00e9 o concurso de reda\u00e7\u00e3o para alunos de 13 a 18 anos, que vai conferir pr\u00eamios e certificados para os primeiros tr\u00eas colocados. Entre os palestrantes j\u00e1 est\u00e3o confirmados nomes como o da psic\u00f3loga e escritora Ros\u00e2ngela Rossi, a professora e escritora Cecy Barbosa e a l\u00edder comunit\u00e1ria e Doutora Honoris Causa da UFJF, Adenilde Petrina, fundadora do Slam de Perifa, no Bairro Santa C\u00e2ndida.<\/p>\n<p>Al\u00e9m disso, a Feira do Livro de Juiz de Fora ter\u00e1, tamb\u00e9m duas exposi\u00e7\u00f5es que valorizam a literatura e a mineiridade: pe\u00e7as do acervo Mem\u00f3rias JF, j\u00e1 premiado duas vezes, e do artista pl\u00e1stico Yure Mendes. O evento ainda aceita inscri\u00e7\u00f5es para apresenta\u00e7\u00e3o de outros projetos art\u00edsticos atrav\u00e9s de seu Instagram.<\/p>\n<p><strong>Editora da UFJF<\/strong><\/p>\n<p>Um dos maiores instrumentos de divulga\u00e7\u00e3o cient\u00edfica da institui\u00e7\u00e3o, a Editora da UFJF, tamb\u00e9m ter\u00e1 participa\u00e7\u00e3o importante na FLIJUF com um estande que contar\u00e1 com cat\u00e1logos de pesquisadores da universidade, livros did\u00e1ticos com aplica\u00e7\u00e3o e uso em sala de aula, obras traduzidas de l\u00ednguas estrangeiras, entre outros. O diretor, Jorge Felz, acredita que a feira de livros \u00e9 uma forma de a editora ganhar mais visibilidade dentro da comunidade acad\u00eamica e da pr\u00f3pria cidade, tal como aconteceu no \u00faltimo evento, o UFJF na Pra\u00e7a. \u201cEm um momento no qual educa\u00e7\u00e3o est\u00e1 sendo muito discutida, a feira \u00e9 um fen\u00f4meno importante porque as pessoas querem ler. \u00c9 um momento de facilitar o acesso ao livro, como foi, por exemplo, a \u00faltima Bienal\u201d, disse atrav\u00e9s da assessoria.<\/p>\n<p>Uma das idealizadoras e organizadoras do evento, Priscilla Thevenet, diz que um dos objetivos do evento \u00e9 movimentar o mercado editorial de Juiz de Fora atrav\u00e9s de uma feira inclusiva, que abrace toda a popula\u00e7\u00e3o, independentemente de classe social, escolaridade ou g\u00eanero. \u201cA nossa ideia \u00e9 trazer uma tend\u00eancia nacional pra c\u00e1, e assim valorizar nossos escritores, artistas e profissionais da cultura. Quem passar pela FLIJUF ter\u00e1 uma imers\u00e3o em livros, cultura e muita arte.\u201d O diretor da Diretoria de Imagem da Universidade Federal de Juiz de Fora, M\u00e1rcio Guerra, ressalta a import\u00e2ncia da feira. \u201cA Feira vai abrir caminho para outras atividades do tipo: quanto mais outras pessoas lerem e se informarem, melhor\u201d.<\/p>\n<p>&nbsp;<\/p>\n","protected":false},"excerpt":{"rendered":"<p>A Universidade Federal de Juiz de Fora (UFJF) sediar\u00e1 pela primeira vez, entre os dias 10 e 13 de outubro, a Feira do Livro de Juiz de Fora (FLIJUF). A feira acontecer\u00e1 na Pra\u00e7a C\u00edvica da institui\u00e7\u00e3o e ter\u00e1 sua programa\u00e7\u00e3o integrada com outros dois eventos: o Crian\u00e7a Integra\u00e7\u00e3o, no s\u00e1bado, dia 12, e o [&hellip;]<\/p>\n","protected":false},"author":96,"featured_media":148016,"comment_status":"closed","ping_status":"closed","sticky":false,"template":"","format":"standard","meta":{"footnotes":""},"categories":[253,436,440,439],"tags":[],"class_list":["post-148013","post","type-post","status-publish","format-standard","has-post-thumbnail","hentry","category-cidade","category-destaque-da-semana","category-destaques-do-dia","category-ultima-hora"],"_links":{"self":[{"href":"https:\/\/diarioregionaldigital.com.br\/index.php?rest_route=\/wp\/v2\/posts\/148013","targetHints":{"allow":["GET"]}}],"collection":[{"href":"https:\/\/diarioregionaldigital.com.br\/index.php?rest_route=\/wp\/v2\/posts"}],"about":[{"href":"https:\/\/diarioregionaldigital.com.br\/index.php?rest_route=\/wp\/v2\/types\/post"}],"author":[{"embeddable":true,"href":"https:\/\/diarioregionaldigital.com.br\/index.php?rest_route=\/wp\/v2\/users\/96"}],"replies":[{"embeddable":true,"href":"https:\/\/diarioregionaldigital.com.br\/index.php?rest_route=%2Fwp%2Fv2%2Fcomments&post=148013"}],"version-history":[{"count":0,"href":"https:\/\/diarioregionaldigital.com.br\/index.php?rest_route=\/wp\/v2\/posts\/148013\/revisions"}],"wp:featuredmedia":[{"embeddable":true,"href":"https:\/\/diarioregionaldigital.com.br\/index.php?rest_route=\/wp\/v2\/media\/148016"}],"wp:attachment":[{"href":"https:\/\/diarioregionaldigital.com.br\/index.php?rest_route=%2Fwp%2Fv2%2Fmedia&parent=148013"}],"wp:term":[{"taxonomy":"category","embeddable":true,"href":"https:\/\/diarioregionaldigital.com.br\/index.php?rest_route=%2Fwp%2Fv2%2Fcategories&post=148013"},{"taxonomy":"post_tag","embeddable":true,"href":"https:\/\/diarioregionaldigital.com.br\/index.php?rest_route=%2Fwp%2Fv2%2Ftags&post=148013"}],"curies":[{"name":"wp","href":"https:\/\/api.w.org\/{rel}","templated":true}]}}