{"id":148010,"date":"2019-09-22T06:00:13","date_gmt":"2019-09-22T09:00:13","guid":{"rendered":"https:\/\/diarioregionaldigital.com.br\/?p=148010"},"modified":"2019-09-19T14:22:18","modified_gmt":"2019-09-19T17:22:18","slug":"brasil-tem-243-milhoes-de-criancas-e-adolescentes-que-usam-internet","status":"publish","type":"post","link":"https:\/\/diarioregionaldigital.com.br\/?p=148010","title":{"rendered":"Brasil tem 24,3 milh\u00f5es de crian\u00e7as e adolescentes que usam internet"},"content":{"rendered":"<p>Cerca de 24,3 milh\u00f5es de crian\u00e7as e adolescentes, com idade entre 9 e 17 anos, s\u00e3o usu\u00e1rios de internet no Brasil, o que corresponde a cerca de 86% do total de pessoas dessa faixa et\u00e1ria no pa\u00eds. A informa\u00e7\u00e3o consta na pesquisa TIC Kids Online Brasil 2018, divulgada na ter\u00e7a-feira, 17, pelo Comit\u00ea Gestor da Internet no Brasil (CGI.br), por meio do Centro Regional de Estudos para o Desenvolvimento da Sociedade da Informa\u00e7\u00e3o (Cetic.br) do N\u00facleo de Informa\u00e7\u00e3o e Coordena\u00e7\u00e3o do Ponto BR (NIC.br).<\/p>\n<p>\u201cEste percentual \u00e9 mais alto do que a m\u00e9dia da popula\u00e7\u00e3o em geral [conectada], que est\u00e1 em torno de 70%. Isso mostra que crian\u00e7as e adolescentes s\u00e3o um p\u00fablico bastante conectado \u00e0 rede\u201d, disse Fabio Senne, coordenador de projetos de pesquisas do Cetic.br. Segundo ele, h\u00e1 tr\u00eas anos o uso da internet por esse p\u00fablico era 79%. \u201cH\u00e1 um incremento constante no percentual de usu\u00e1rios. E isso tem a ver tamb\u00e9m com as faixas et\u00e1rias. Quando se chega na faixa entre 15 e 17 anos, esse percentual \u00e9 ainda maior que os 86%\u201d.<\/p>\n<p>A pesquisa apontou tamb\u00e9m que, no ano passado, 3,8 milh\u00f5es de crian\u00e7as e adolescentes n\u00e3o tinham acesso \u00e0 internet por falta, por exemplo, de acesso \u00e0 rede em casa (8%) ou pela impossibilidade de usar a internet na escola (5%). Segundo Fabio Senne, as regi\u00f5es Norte e Nordeste s\u00e3o as que menos usam internet no pa\u00eds (75%), enquanto a Regi\u00e3o Sul (95%) \u00e9 o local onde crian\u00e7as e adolescentes est\u00e3o mais conectadas.<\/p>\n<p>\u201cA pesquisa estima que cerca de 3,8 milh\u00f5es de crian\u00e7as e adolescentes n\u00e3o usaram a internet nos \u00faltimos tr\u00eas meses. E elas est\u00e3o concentradas nas parcelas mais vulner\u00e1veis da popula\u00e7\u00e3o, especialmente nas classes D e E e uma quantidade grande tamb\u00e9m [est\u00e1] presente na Regi\u00e3o Nordeste do pa\u00eds, o que mostra que \u00e9 preciso pol\u00edticas espec\u00edficas de inclus\u00e3o mais focalizadas nesses p\u00fablicos\u201d, disse.<\/p>\n<p><strong>Multim\u00eddia<\/strong><\/p>\n<p>Segundo a pesquisa, oito em cada dez crian\u00e7as e adolescentes do pa\u00eds assistem a v\u00eddeos, programas, filmes ou s\u00e9ries na internet. O estudo revelou que o uso da internet para atividades multim\u00eddia por crian\u00e7as e adolescentes (83% do total dos entrevistados) \u00e9 maior que a utiliza\u00e7\u00e3o da internet para o envio de mensagens instant\u00e2neas (77%), que o h\u00e1bito de jogar sem conex\u00e3o com outros jogadores (60%) ou conectados com outros jogadores (55%) e pouco maior que o uso da internet para escutar m\u00fasica (82%).<\/p>\n<p>A internet \u00e9 mais usada por meio de telefone (93%). Desde 2014, o uso de telefone celular ultrapassou o uso de computadores e Senne acredita que isso deve ainda aumentar. Tamb\u00e9m vem crescendo o uso de internet por meio da televis\u00e3o (chegando a 32%, quando em 2014 era acessada por 5% dos entrevistados). A pesquisa apontou que em setores mais vulner\u00e1veis da popula\u00e7\u00e3o, as pessoas tendem a usar a internet exclusivamente por celular, como no caso das classes D e E, em que esse tipo de uso exclusivo foi apontada por 71% das pessoas<\/p>\n<p><strong>Educa\u00e7\u00e3o<\/strong><\/p>\n<p>Cerca de 74% das crian\u00e7as e adolescentes utilizam a internet para pesquisa em trabalhos escolares. Pouco mais da metade ( 53%) usa a internet para ler ou assistir a not\u00edcias, enquanto 66% diz que costuma fazer pesquisas na internet por curiosidade ou vontade pr\u00f3pria.<\/p>\n<p>No entanto, o uso de internet dentro das escolas atinge em torno de 40% das crian\u00e7as e adolescentes do pa\u00eds. \u201cIsso mostra que, apesar do uso j\u00e1 atingir 86% das crian\u00e7as e adolescentes, quando vamos olhar para a escola, a escola n\u00e3o est\u00e1 sendo um espa\u00e7o priorit\u00e1rio de uso da rede\u201d, disse Senne.<\/p>\n<p><strong>Redes sociais<\/strong><\/p>\n<p>De acordo com a pesquisa, cerca de 82% das crian\u00e7as e adolescentes usu\u00e1rias de internet relatam usar e ter perfil nas redes sociais, o que corresponde a cerca de 22 milh\u00f5es de usu\u00e1rios dessa faixa et\u00e1ria no pa\u00eds. \u201cEla [a pesquisa] traz uma tend\u00eancia bastante marcante de crian\u00e7as e adolescentes nesses ambientes. Se a gente olha esse dado por faixa et\u00e1ria, temos quase 97% de crian\u00e7as e adolescentes usu\u00e1rios de internet, entre 15 e 17 anos, que possuem perfil na rede social, o que \u00e9 bastante expressivo\u201d, disse a coordenadora da pesquisa Lu\u00edsa Adib.<\/p>\n<p>Pela primeira vez na pesquisa, o n\u00famero de crian\u00e7as e adolescentes com contas no WhatsApp superou o n\u00famero de perfis no Facebook. Tamb\u00e9m cresceu o n\u00famero de usu\u00e1rios dessa faixa et\u00e1ria no Instagram, que \u00e9 a terceira plataforma em n\u00famero de uso entre esse p\u00fablico.<\/p>\n<p>Apesar dos benef\u00edcios, Luisa disse que o uso da internet por crian\u00e7as e adolescentes tamb\u00e9m envolve riscos, como o contato com estranhos, embora n\u00e3o necessariamente, segundo ela, isso possa incorrer em um problema. Tamb\u00e9m pode haver a exposi\u00e7\u00e3o a conte\u00fados sens\u00edveis e a pr\u00f3pria conduta da crian\u00e7a e do adolescente poder ser considerada ofensiva para seus pr\u00f3prios pares.<\/p>\n<p>Luisa alerta que atividades de media\u00e7\u00e3o entre pais e seus filhos e o acompanhamento no uso da internet podem ajudar na preven\u00e7\u00e3o desses riscos. \u201cO que a gente observa \u00e9 que as medidas mais ativas e participativas s\u00e3o as que tendem a trazer melhores resultados do que aquelas que s\u00e3o restritivas. A restri\u00e7\u00e3o pode inibir o uso, mas tamb\u00e9m n\u00e3o prepara para o uso. Ent\u00e3o, \u00e9 o acompanhamento [dos pais] que possibilita que a crian\u00e7a crie mecanismos e desenvolva habilidades necess\u00e1rias para a presen\u00e7a nesse ambiente\u201d.<\/p>\n<p>&nbsp;<\/p>\n<p>&nbsp;<\/p>\n<p>Fonte: Ag\u00eancia Brasil<\/p>\n","protected":false},"excerpt":{"rendered":"<p>Cerca de 24,3 milh\u00f5es de crian\u00e7as e adolescentes, com idade entre 9 e 17 anos, s\u00e3o usu\u00e1rios de internet no Brasil, o que corresponde a cerca de 86% do total de pessoas dessa faixa et\u00e1ria no pa\u00eds. A informa\u00e7\u00e3o consta na pesquisa TIC Kids Online Brasil 2018, divulgada na ter\u00e7a-feira, 17, pelo Comit\u00ea Gestor da [&hellip;]<\/p>\n","protected":false},"author":96,"featured_media":148015,"comment_status":"closed","ping_status":"closed","sticky":false,"template":"","format":"standard","meta":{"footnotes":""},"categories":[302,436,440,439],"tags":[],"class_list":["post-148010","post","type-post","status-publish","format-standard","has-post-thumbnail","hentry","category-brasil-mundo","category-destaque-da-semana","category-destaques-do-dia","category-ultima-hora"],"_links":{"self":[{"href":"https:\/\/diarioregionaldigital.com.br\/index.php?rest_route=\/wp\/v2\/posts\/148010","targetHints":{"allow":["GET"]}}],"collection":[{"href":"https:\/\/diarioregionaldigital.com.br\/index.php?rest_route=\/wp\/v2\/posts"}],"about":[{"href":"https:\/\/diarioregionaldigital.com.br\/index.php?rest_route=\/wp\/v2\/types\/post"}],"author":[{"embeddable":true,"href":"https:\/\/diarioregionaldigital.com.br\/index.php?rest_route=\/wp\/v2\/users\/96"}],"replies":[{"embeddable":true,"href":"https:\/\/diarioregionaldigital.com.br\/index.php?rest_route=%2Fwp%2Fv2%2Fcomments&post=148010"}],"version-history":[{"count":0,"href":"https:\/\/diarioregionaldigital.com.br\/index.php?rest_route=\/wp\/v2\/posts\/148010\/revisions"}],"wp:featuredmedia":[{"embeddable":true,"href":"https:\/\/diarioregionaldigital.com.br\/index.php?rest_route=\/wp\/v2\/media\/148015"}],"wp:attachment":[{"href":"https:\/\/diarioregionaldigital.com.br\/index.php?rest_route=%2Fwp%2Fv2%2Fmedia&parent=148010"}],"wp:term":[{"taxonomy":"category","embeddable":true,"href":"https:\/\/diarioregionaldigital.com.br\/index.php?rest_route=%2Fwp%2Fv2%2Fcategories&post=148010"},{"taxonomy":"post_tag","embeddable":true,"href":"https:\/\/diarioregionaldigital.com.br\/index.php?rest_route=%2Fwp%2Fv2%2Ftags&post=148010"}],"curies":[{"name":"wp","href":"https:\/\/api.w.org\/{rel}","templated":true}]}}