{"id":148003,"date":"2019-09-22T06:00:52","date_gmt":"2019-09-22T09:00:52","guid":{"rendered":"https:\/\/diarioregionaldigital.com.br\/?p=148003"},"modified":"2019-09-19T14:17:43","modified_gmt":"2019-09-19T17:17:43","slug":"confianca-de-empresario-industrial-fica-estavel-em-setembro","status":"publish","type":"post","link":"https:\/\/diarioregionaldigital.com.br\/?p=148003","title":{"rendered":"Confian\u00e7a de empres\u00e1rio industrial fica est\u00e1vel em setembro"},"content":{"rendered":"<p>O \u00cdndice de Confian\u00e7a do Empres\u00e1rio Industrial (ICEI) ficou est\u00e1vel de agosto para setembro em 59,4 pontos, informou na \u00faltima quinta-feira, 19, a Confedera\u00e7\u00e3o Nacional da Ind\u00fastria (CNI). Essa estabilidade interrompeu uma sequ\u00eancia de tr\u00eas meses consecutivos de alta.<\/p>\n<p>Segundo a CNI, os n\u00fameros mostram que, com a estabilidade, a confian\u00e7a do empres\u00e1rio brasileiro segue elevada: o ICEI segue 4,8 pontos acima de sua m\u00e9dia hist\u00f3rica (54,5) e 6,6 pontos acima do registrado em setembro de 2018 (52,8).<\/p>\n<p>Os indicadores da pesquisa variam de zero a 100 pontos. Quando est\u00e3o acima dos 50 pontos mostram que os empres\u00e1rios est\u00e3o confiantes.<\/p>\n<p>\u201cA confian\u00e7a se mant\u00e9m elevada por uma combina\u00e7\u00e3o de perspectivas futuras otimistas, entre elas a de aprova\u00e7\u00e3o da reforma da Previd\u00eancia e avan\u00e7os na discuss\u00e3o da reforma tribut\u00e1ria, e em fun\u00e7\u00e3o de uma percep\u00e7\u00e3o de melhora na atividade corrente das pr\u00f3prias empresas\u201d, afirma o economista da CNI Marcelo Azevedo.<\/p>\n<p>Segundo a CNI, a estabilidade do ICEI em setembro se deve \u00e0 varia\u00e7\u00e3o em sentidos opostos de seus dois componentes. Um deles, o \u00cdndice de Condi\u00e7\u00f5es Atuais cresceu 0,8 ponto na compara\u00e7\u00e3o com agosto e alcan\u00e7ou 51,9 pontos em setembro. \u00c9 a segunda varia\u00e7\u00e3o positiva consecutiva do \u00edndice, que havia subido 4,1 pontos no m\u00eas anterior.<\/p>\n<p>O segundo, o \u00cdndice de Expectativas, registrou leve queda em setembro, de 0,4 ponto. A redu\u00e7\u00e3o interrompe uma sequ\u00eancia de tr\u00eas meses de alta e deve-se, exclusivamente, ao que se espera da economia brasileira, uma vez que as expectativas relativas \u00e0 pr\u00f3pria empresa se mantiveram est\u00e1veis no m\u00eas.<\/p>\n<p><strong>Confian\u00e7a por porte de empresa<\/strong><\/p>\n<p>Os empres\u00e1rios de empresas de m\u00e9dio porte registram melhora de sua confian\u00e7a em setembro. Para eles, o \u00edndice aumentou 0,7 ponto e chegou a 60,2 pontos. O de empresas de pequeno porte registrou queda de 0,2 ponto, para 58,6 pontos. Para os empres\u00e1rios de empresas de grande porte, o indicador tamb\u00e9m caiu: redu\u00e7\u00e3o de 0,3 ponto, para 59,4 pontos.<\/p>\n<p>&nbsp;<\/p>\n<p>Fonte: Ag\u00eancia Brasil<\/p>\n","protected":false},"excerpt":{"rendered":"<p>O \u00cdndice de Confian\u00e7a do Empres\u00e1rio Industrial (ICEI) ficou est\u00e1vel de agosto para setembro em 59,4 pontos, informou na \u00faltima quinta-feira, 19, a Confedera\u00e7\u00e3o Nacional da Ind\u00fastria (CNI). Essa estabilidade interrompeu uma sequ\u00eancia de tr\u00eas meses consecutivos de alta. Segundo a CNI, os n\u00fameros mostram que, com a estabilidade, a confian\u00e7a do empres\u00e1rio brasileiro segue [&hellip;]<\/p>\n","protected":false},"author":96,"featured_media":148006,"comment_status":"closed","ping_status":"closed","sticky":false,"template":"","format":"standard","meta":{"footnotes":""},"categories":[436,261,439],"tags":[],"class_list":["post-148003","post","type-post","status-publish","format-standard","has-post-thumbnail","hentry","category-destaque-da-semana","category-economia","category-ultima-hora"],"_links":{"self":[{"href":"https:\/\/diarioregionaldigital.com.br\/index.php?rest_route=\/wp\/v2\/posts\/148003","targetHints":{"allow":["GET"]}}],"collection":[{"href":"https:\/\/diarioregionaldigital.com.br\/index.php?rest_route=\/wp\/v2\/posts"}],"about":[{"href":"https:\/\/diarioregionaldigital.com.br\/index.php?rest_route=\/wp\/v2\/types\/post"}],"author":[{"embeddable":true,"href":"https:\/\/diarioregionaldigital.com.br\/index.php?rest_route=\/wp\/v2\/users\/96"}],"replies":[{"embeddable":true,"href":"https:\/\/diarioregionaldigital.com.br\/index.php?rest_route=%2Fwp%2Fv2%2Fcomments&post=148003"}],"version-history":[{"count":0,"href":"https:\/\/diarioregionaldigital.com.br\/index.php?rest_route=\/wp\/v2\/posts\/148003\/revisions"}],"wp:featuredmedia":[{"embeddable":true,"href":"https:\/\/diarioregionaldigital.com.br\/index.php?rest_route=\/wp\/v2\/media\/148006"}],"wp:attachment":[{"href":"https:\/\/diarioregionaldigital.com.br\/index.php?rest_route=%2Fwp%2Fv2%2Fmedia&parent=148003"}],"wp:term":[{"taxonomy":"category","embeddable":true,"href":"https:\/\/diarioregionaldigital.com.br\/index.php?rest_route=%2Fwp%2Fv2%2Fcategories&post=148003"},{"taxonomy":"post_tag","embeddable":true,"href":"https:\/\/diarioregionaldigital.com.br\/index.php?rest_route=%2Fwp%2Fv2%2Ftags&post=148003"}],"curies":[{"name":"wp","href":"https:\/\/api.w.org\/{rel}","templated":true}]}}