{"id":147958,"date":"2019-09-18T17:37:23","date_gmt":"2019-09-18T20:37:23","guid":{"rendered":"https:\/\/diarioregionaldigital.com.br\/?p=147958"},"modified":"2019-09-18T17:37:23","modified_gmt":"2019-09-18T20:37:23","slug":"14-veiculos-sao-autuados-pela-settra-durante-operacao-na-rua-batista-de-oliveira","status":"publish","type":"post","link":"https:\/\/diarioregionaldigital.com.br\/?p=147958","title":{"rendered":"14 ve\u00edculos s\u00e3o autuados pela Settra durante opera\u00e7\u00e3o na rua Batista de Oliveira"},"content":{"rendered":"<p>Na ter\u00e7a-feira, 17, a Secretaria de Transportes e Tr\u00e2nsito (Settra) da Prefeitura de Juiz de Fora (PJF) fiscalizou o estacionamento rotativo da Rua Batista de Oliveira, no trecho entre as avenidas Francisco Bernadino e Get\u00falio Vargas.<\/p>\n<p>A fiscaliza\u00e7\u00e3o teve in\u00edcio \u00e0s 8 horas e foi encerrada \u00e0s 18 horas. Foram autuados 14 ve\u00edculos, sendo 12 por estacionamento irregular e dois por parada em local de carga e descarga.<\/p>\n","protected":false},"excerpt":{"rendered":"<p>Na ter\u00e7a-feira, 17, a Secretaria de Transportes e Tr\u00e2nsito (Settra) da Prefeitura de Juiz de Fora (PJF) fiscalizou o estacionamento rotativo da Rua Batista de Oliveira, no trecho entre as avenidas Francisco Bernadino e Get\u00falio Vargas. A fiscaliza\u00e7\u00e3o teve in\u00edcio \u00e0s 8 horas e foi encerrada \u00e0s 18 horas. Foram autuados 14 ve\u00edculos, sendo 12 [&hellip;]<\/p>\n","protected":false},"author":96,"featured_media":147960,"comment_status":"closed","ping_status":"closed","sticky":false,"template":"","format":"standard","meta":{"footnotes":""},"categories":[253,436,440,439],"tags":[],"class_list":["post-147958","post","type-post","status-publish","format-standard","has-post-thumbnail","hentry","category-cidade","category-destaque-da-semana","category-destaques-do-dia","category-ultima-hora"],"_links":{"self":[{"href":"https:\/\/diarioregionaldigital.com.br\/index.php?rest_route=\/wp\/v2\/posts\/147958","targetHints":{"allow":["GET"]}}],"collection":[{"href":"https:\/\/diarioregionaldigital.com.br\/index.php?rest_route=\/wp\/v2\/posts"}],"about":[{"href":"https:\/\/diarioregionaldigital.com.br\/index.php?rest_route=\/wp\/v2\/types\/post"}],"author":[{"embeddable":true,"href":"https:\/\/diarioregionaldigital.com.br\/index.php?rest_route=\/wp\/v2\/users\/96"}],"replies":[{"embeddable":true,"href":"https:\/\/diarioregionaldigital.com.br\/index.php?rest_route=%2Fwp%2Fv2%2Fcomments&post=147958"}],"version-history":[{"count":0,"href":"https:\/\/diarioregionaldigital.com.br\/index.php?rest_route=\/wp\/v2\/posts\/147958\/revisions"}],"wp:featuredmedia":[{"embeddable":true,"href":"https:\/\/diarioregionaldigital.com.br\/index.php?rest_route=\/wp\/v2\/media\/147960"}],"wp:attachment":[{"href":"https:\/\/diarioregionaldigital.com.br\/index.php?rest_route=%2Fwp%2Fv2%2Fmedia&parent=147958"}],"wp:term":[{"taxonomy":"category","embeddable":true,"href":"https:\/\/diarioregionaldigital.com.br\/index.php?rest_route=%2Fwp%2Fv2%2Fcategories&post=147958"},{"taxonomy":"post_tag","embeddable":true,"href":"https:\/\/diarioregionaldigital.com.br\/index.php?rest_route=%2Fwp%2Fv2%2Ftags&post=147958"}],"curies":[{"name":"wp","href":"https:\/\/api.w.org\/{rel}","templated":true}]}}