{"id":147950,"date":"2019-09-18T17:33:10","date_gmt":"2019-09-18T20:33:10","guid":{"rendered":"https:\/\/diarioregionaldigital.com.br\/?p=147950"},"modified":"2019-09-18T17:33:10","modified_gmt":"2019-09-18T20:33:10","slug":"semana-paralimpica-golbol-lota-arquibancada-no-ginasio-da-sel","status":"publish","type":"post","link":"https:\/\/diarioregionaldigital.com.br\/?p=147950","title":{"rendered":"Semana Paral\u00edmpica &#8211; Golbol lota arquibancada no gin\u00e1sio da SEL"},"content":{"rendered":"<p>Escolhido como segunda modalidade da &#8220;13\u00aa Semana Paral\u00edmpica&#8221;, o golbol teve arquibancada cheia na tarde de ter\u00e7a-feira, 17. No gin\u00e1sio da Secretaria de Esporte e Lazer (SEL) da Prefeitura de Juiz de Fora (PJF), os paratletas fizeram bonito. L\u00e1, o &#8220;Amarrados na Bola&#8221; foi o vencedor, seguido pelo &#8220;Pintou, \u00e9 gol&#8221;, em segundo lugar, e o &#8220;Meninos do Goalball&#8221;, em terceiro. Para Ros\u00e2ngela Celestino, artilheira da tarde, a \u201cSemana Paral\u00edmpica\u201d \u00e9 muito importante para a cidade: &#8220;A \u00b4Semana` nos d\u00e1 oportunidade de ter competi\u00e7\u00f5es. A gente compete no golbol, no atletismo, em tudo. Ent\u00e3o, incentiva-nos a participar cada vez mais do esporte. O golbol nos d\u00e1 autonomia, ajuda na orienta\u00e7\u00e3o e no dia a dia, para andarmos na rua, al\u00e9m do benef\u00edcio para nossa sa\u00fade.&#8221;<\/p>\n<p>Apesar de o golbol ser disputado em sil\u00eancio, a cada gol os estudantes das escolas estaduais &#8220;Sebasti\u00e3o Patrus de Sousa&#8221; e &#8220;Jos\u00e9 Eutr\u00f3pio&#8221;, que prestigiaram os jogos, faziam a festa. Al\u00e9m deles, a SEL recebeu a visita de integrantes da Associa\u00e7\u00e3o dos Cegos de Juiz de Fora.<\/p>\n<p>Estudante do &#8220;Patrus&#8221;, Maria Clara Vianelo n\u00e3o conhecia o golbol, mas gostou: &#8220;Acho a \u00b4SemanaParal\u00edmpica` muito legal, por conta da inclus\u00e3o das pessoas com defici\u00eancia, mostrando que n\u00e3o s\u00e3o diferentes. Costumo participar das corridas, e l\u00e1 sempre tem pessoas com defici\u00eancia. Acho muito bacana essa inclus\u00e3o.&#8221;<\/p>\n<p>Ap\u00f3s as partidas, os paratletas receberam as medalhas, com inscri\u00e7\u00e3o em braille, entregues pelo secret\u00e1rio de Esporte e Lazer, JulioGasparette, o gerente Paulo Rossignoli e a supervisora Luciane Ribas, do Departamento de Lazer e Exerc\u00edcio F\u00edsico. A cerim\u00f4nia contou com a presen\u00e7a dos professores do programa &#8220;JF Paral\u00edmpico&#8221; e de estagi\u00e1rios volunt\u00e1rios de Educa\u00e7\u00e3o F\u00edsica.<\/p>\n<p>Nesta quarta-feira,18, a partir das 14 horas, ser\u00e1 a vez do polybat, t\u00eanis de mesa adaptado. As partidas ser\u00e3o tamb\u00e9m no gin\u00e1sio da SEL, com entrada pela Rua Cust\u00f3dio Trist\u00e3o, 10.<\/p>\n<p>&nbsp;<\/p>\n<p><strong>\u201cSEMANA PARAL\u00cdMPICA\u201d<\/strong><\/p>\n<p>A &#8220;13\u00aa Semana Paral\u00edmpica&#8221; ser\u00e1 realizada at\u00e9 dia 21. A competi\u00e7\u00e3o busca oportunizar momento de socializa\u00e7\u00e3o, confraterniza\u00e7\u00e3o, motiva\u00e7\u00e3o e apresenta\u00e7\u00e3o das habilidades esportivas da pessoa com defici\u00eancia auditiva, f\u00edsica, intelectual, visual ou m\u00faltipla, alunos(as) deficientes de programas da SEL, de entidades ou de escolas p\u00fablicas e particulares, acima de dez anos, mesmo que n\u00e3o sejam praticantes de esportes.<\/p>\n<p>Fonte: Assessoria<\/p>\n","protected":false},"excerpt":{"rendered":"<p>Escolhido como segunda modalidade da &#8220;13\u00aa Semana Paral\u00edmpica&#8221;, o golbol teve arquibancada cheia na tarde de ter\u00e7a-feira, 17. No gin\u00e1sio da Secretaria de Esporte e Lazer (SEL) da Prefeitura de Juiz de Fora (PJF), os paratletas fizeram bonito. L\u00e1, o &#8220;Amarrados na Bola&#8221; foi o vencedor, seguido pelo &#8220;Pintou, \u00e9 gol&#8221;, em segundo lugar, e [&hellip;]<\/p>\n","protected":false},"author":96,"featured_media":147946,"comment_status":"closed","ping_status":"closed","sticky":false,"template":"","format":"standard","meta":{"footnotes":""},"categories":[436,257,439],"tags":[],"class_list":["post-147950","post","type-post","status-publish","format-standard","has-post-thumbnail","hentry","category-destaque-da-semana","category-esporte","category-ultima-hora"],"_links":{"self":[{"href":"https:\/\/diarioregionaldigital.com.br\/index.php?rest_route=\/wp\/v2\/posts\/147950","targetHints":{"allow":["GET"]}}],"collection":[{"href":"https:\/\/diarioregionaldigital.com.br\/index.php?rest_route=\/wp\/v2\/posts"}],"about":[{"href":"https:\/\/diarioregionaldigital.com.br\/index.php?rest_route=\/wp\/v2\/types\/post"}],"author":[{"embeddable":true,"href":"https:\/\/diarioregionaldigital.com.br\/index.php?rest_route=\/wp\/v2\/users\/96"}],"replies":[{"embeddable":true,"href":"https:\/\/diarioregionaldigital.com.br\/index.php?rest_route=%2Fwp%2Fv2%2Fcomments&post=147950"}],"version-history":[{"count":0,"href":"https:\/\/diarioregionaldigital.com.br\/index.php?rest_route=\/wp\/v2\/posts\/147950\/revisions"}],"wp:featuredmedia":[{"embeddable":true,"href":"https:\/\/diarioregionaldigital.com.br\/index.php?rest_route=\/wp\/v2\/media\/147946"}],"wp:attachment":[{"href":"https:\/\/diarioregionaldigital.com.br\/index.php?rest_route=%2Fwp%2Fv2%2Fmedia&parent=147950"}],"wp:term":[{"taxonomy":"category","embeddable":true,"href":"https:\/\/diarioregionaldigital.com.br\/index.php?rest_route=%2Fwp%2Fv2%2Fcategories&post=147950"},{"taxonomy":"post_tag","embeddable":true,"href":"https:\/\/diarioregionaldigital.com.br\/index.php?rest_route=%2Fwp%2Fv2%2Ftags&post=147950"}],"curies":[{"name":"wp","href":"https:\/\/api.w.org\/{rel}","templated":true}]}}