{"id":147948,"date":"2019-09-18T17:32:24","date_gmt":"2019-09-18T20:32:24","guid":{"rendered":"https:\/\/diarioregionaldigital.com.br\/?p=147948"},"modified":"2019-09-18T17:32:24","modified_gmt":"2019-09-18T20:32:24","slug":"hebert-conceicao-vence-mais-uma-e-garante-medalha-no-mundial","status":"publish","type":"post","link":"https:\/\/diarioregionaldigital.com.br\/?p=147948","title":{"rendered":"Hebert Concei\u00e7\u00e3o vence mais uma e garante medalha no Mundial"},"content":{"rendered":"<p>O brasileiro Hebert Concei\u00e7\u00e3o j\u00e1 garantiu pelo menos a medalha de bronze no Mundial de Boxe que est\u00e1 sendo disputado na R\u00fassia. E ainda pode ir al\u00e9m. Nesta quarta-feira (18) ele venceu o italiano SalvatorCavallaro pelas quartas de final do torneio e se qualificou para a semi. Wanderson Oliveira tamb\u00e9m lutou, mas foi eliminado.<\/p>\n<p>No boxe n\u00e3o h\u00e1 disputa de terceiro lugar, portanto os dois atletas que perdem na semifinal levam o bronze.\u00a0Na disputa pela final, Hebert Concei\u00e7\u00e3o ter\u00e1 pela frente GlebBakshi, oitavo cabe\u00e7a de chave, e toda a torcida local. O russo venceu o primeiro cabe\u00e7a de chave, o cubano ArlenCardona, por 3 a 2. A luta ser\u00e1 na sexta-feira (20).<\/p>\n<p>Hebert Concei\u00e7\u00e3o (75kg) mostrou muita personalidade contra o italiano e venceu por 4 a 1. Dois ju\u00edzes viram o brasileiro vencer os tr\u00eas assaltos e os outros dois deram um deles para o Cavallaro. O que viu a vit\u00f3ria do italiano deu a ele os tr\u00eas assaltos. Foi a terceira luta do brasileiro no Mundial da R\u00fassia. Ele venceu as outras duas por decis\u00e3o dividida, mas por 3 a 2.<\/p>\n<p>&nbsp;<\/p>\n<p><strong>WANDERSON OLIVEIRA<\/strong><\/p>\n<p>O outro brasileiro que ainda estava no Mundial de Boxe, Wanderson Oliveira, perdeu por 5 a 0 para o indiano ManishKaushik nesta quarta e est\u00e1 eliminado da competi\u00e7\u00e3o. Quatro dos cinco ju\u00edzes deram vit\u00f3ria nos tr\u00eas rounds para o asi\u00e1tico e somente um viu o brasileiro vencer pelo menos um assalto.<\/p>\n<p>O Brasil levou sete atletas para o Mundial de Boxe masculino. Al\u00e9m de Wanderson Oliveira, tamb\u00e9m conhecido como \u201cSugar\u201d, e Hebert Concei\u00e7\u00e3o, lutaram na R\u00fassia Douglas Andrade (57kg), Luiz Fernando (69kg), Keno Machado (81kg), Abner Teixeira (91kg) e Joel Silva (+91kg).<\/p>\n<p>Fonte: Olimp\u00edada Todo Dia<\/p>\n","protected":false},"excerpt":{"rendered":"<p>O brasileiro Hebert Concei\u00e7\u00e3o j\u00e1 garantiu pelo menos a medalha de bronze no Mundial de Boxe que est\u00e1 sendo disputado na R\u00fassia. E ainda pode ir al\u00e9m. Nesta quarta-feira (18) ele venceu o italiano SalvatorCavallaro pelas quartas de final do torneio e se qualificou para a semi. Wanderson Oliveira tamb\u00e9m lutou, mas foi eliminado. No [&hellip;]<\/p>\n","protected":false},"author":96,"featured_media":147945,"comment_status":"closed","ping_status":"closed","sticky":false,"template":"","format":"standard","meta":{"footnotes":""},"categories":[436,257,439],"tags":[],"class_list":["post-147948","post","type-post","status-publish","format-standard","has-post-thumbnail","hentry","category-destaque-da-semana","category-esporte","category-ultima-hora"],"_links":{"self":[{"href":"https:\/\/diarioregionaldigital.com.br\/index.php?rest_route=\/wp\/v2\/posts\/147948","targetHints":{"allow":["GET"]}}],"collection":[{"href":"https:\/\/diarioregionaldigital.com.br\/index.php?rest_route=\/wp\/v2\/posts"}],"about":[{"href":"https:\/\/diarioregionaldigital.com.br\/index.php?rest_route=\/wp\/v2\/types\/post"}],"author":[{"embeddable":true,"href":"https:\/\/diarioregionaldigital.com.br\/index.php?rest_route=\/wp\/v2\/users\/96"}],"replies":[{"embeddable":true,"href":"https:\/\/diarioregionaldigital.com.br\/index.php?rest_route=%2Fwp%2Fv2%2Fcomments&post=147948"}],"version-history":[{"count":0,"href":"https:\/\/diarioregionaldigital.com.br\/index.php?rest_route=\/wp\/v2\/posts\/147948\/revisions"}],"wp:featuredmedia":[{"embeddable":true,"href":"https:\/\/diarioregionaldigital.com.br\/index.php?rest_route=\/wp\/v2\/media\/147945"}],"wp:attachment":[{"href":"https:\/\/diarioregionaldigital.com.br\/index.php?rest_route=%2Fwp%2Fv2%2Fmedia&parent=147948"}],"wp:term":[{"taxonomy":"category","embeddable":true,"href":"https:\/\/diarioregionaldigital.com.br\/index.php?rest_route=%2Fwp%2Fv2%2Fcategories&post=147948"},{"taxonomy":"post_tag","embeddable":true,"href":"https:\/\/diarioregionaldigital.com.br\/index.php?rest_route=%2Fwp%2Fv2%2Ftags&post=147948"}],"curies":[{"name":"wp","href":"https:\/\/api.w.org\/{rel}","templated":true}]}}