{"id":147938,"date":"2019-09-18T17:25:35","date_gmt":"2019-09-18T20:25:35","guid":{"rendered":"https:\/\/diarioregionaldigital.com.br\/?p=147938"},"modified":"2019-09-18T17:25:35","modified_gmt":"2019-09-18T20:25:35","slug":"gabigol-descarta-empolgacao-na-reta-final-de-temporada","status":"publish","type":"post","link":"https:\/\/diarioregionaldigital.com.br\/?p=147938","title":{"rendered":"Gabigol descarta empolga\u00e7\u00e3o na reta final de temporada"},"content":{"rendered":"<p>A cr\u00edtica mais recente veio do presidente do Gr\u00eamio, Romildo Bolzan. O Imortal Tricolor \u00e9 o advers\u00e1rio do Flamengo na semifinal da Libertadores, que ser\u00e1 disputada em outubro. Em entrevista ao programa de televis\u00e3o Fox Sports R\u00e1dio, o comandante do time ga\u00facho afirmou que \u00e9 natural o rubro-negro ser apontado como o favorito do confronto, mas que h\u00e1 um clima de \u201cj\u00e1 ganhou\u201d ineg\u00e1vel.<\/p>\n<p>O Flamengo n\u00e3o deu resposta. Nesta quarta-feira, inclusive, n\u00e3o h\u00e1 entrevista coletiva agendada. O \u00fanico que conversou com a imprensa foi Gabriel Barbosa, na ter\u00e7a-feira. Apesar de a fala de Romildo Bolzan n\u00e3o ter sido questionada ao atacante, Gabigol respondeu sobre uma poss\u00edvel empolga\u00e7\u00e3o da equipe pela boa fase na temporada e o t\u00edtulo simb\u00f3lico do primeiro turno.<\/p>\n<p>\u201cAqui dentro do clube n\u00e3o tem empolga\u00e7\u00e3o alguma. A gente vem fazendo bons jogos, mas n\u00e3o ganhou coisa alguma. N\u00e3o existe isso de campe\u00e3o do primeiro turno. Obviamente \u00e9 bom estar em primeiro, mas teremos ainda muitos jogos complicados e o que importa \u00e9 levantar a ta\u00e7a no final\u201d.<\/p>\n<p>Principal atacante do Flamengo no Brasileiro e na Libertadores, Gabigol vem conquistando o cora\u00e7\u00e3o dos rubro-negros. Se dentro de campo ele presenteia os torcedores com gols bonitos e decisivos, com as palavras n\u00e3o fica atr\u00e1s.<\/p>\n<p>\u201cA torcida do Flamengo realmente \u00e9 inexplic\u00e1vel, \u00e9 algo que me empolga quando eu entro em campo. \u00c9 dif\u00edcil de falar, mas acredito que todo jogador do mundo tinha de um dia botar a camisa do Flamengo e entrar no Maracan\u00e3 lotado para sentir isso. \u00c9 algo que s\u00f3 o Flamengo pode proporcionar ao jogador\u201d.<\/p>\n<p>Gabigol tem mais um confronto pela frente para cativar a paix\u00e3o rubro-negra. S\u00e1bado, o Flamengo enfrenta o Cruzeiro, \u00e0s 17h, no Mineir\u00e3o, pela 20\u00aa rodada do Campeonato Brasileiro. Com 42 pontos na classifica\u00e7\u00e3o, a vit\u00f3ria sobre a Raposa pode fazer o Flamengo abrir at\u00e9 seis pontos de vantagem para o segundo colocado, o Palmeiras, que pega o Fortaleza fora de casa, domingo, \u00e0s 16h.<\/p>\n<p>&nbsp;<\/p>\n<p>Fonte: Ag\u00eancia Brasil<\/p>\n","protected":false},"excerpt":{"rendered":"<p>A cr\u00edtica mais recente veio do presidente do Gr\u00eamio, Romildo Bolzan. O Imortal Tricolor \u00e9 o advers\u00e1rio do Flamengo na semifinal da Libertadores, que ser\u00e1 disputada em outubro. Em entrevista ao programa de televis\u00e3o Fox Sports R\u00e1dio, o comandante do time ga\u00facho afirmou que \u00e9 natural o rubro-negro ser apontado como o favorito do confronto, [&hellip;]<\/p>\n","protected":false},"author":96,"featured_media":136753,"comment_status":"closed","ping_status":"closed","sticky":false,"template":"","format":"standard","meta":{"footnotes":""},"categories":[436,257,439],"tags":[],"class_list":["post-147938","post","type-post","status-publish","format-standard","has-post-thumbnail","hentry","category-destaque-da-semana","category-esporte","category-ultima-hora"],"_links":{"self":[{"href":"https:\/\/diarioregionaldigital.com.br\/index.php?rest_route=\/wp\/v2\/posts\/147938","targetHints":{"allow":["GET"]}}],"collection":[{"href":"https:\/\/diarioregionaldigital.com.br\/index.php?rest_route=\/wp\/v2\/posts"}],"about":[{"href":"https:\/\/diarioregionaldigital.com.br\/index.php?rest_route=\/wp\/v2\/types\/post"}],"author":[{"embeddable":true,"href":"https:\/\/diarioregionaldigital.com.br\/index.php?rest_route=\/wp\/v2\/users\/96"}],"replies":[{"embeddable":true,"href":"https:\/\/diarioregionaldigital.com.br\/index.php?rest_route=%2Fwp%2Fv2%2Fcomments&post=147938"}],"version-history":[{"count":0,"href":"https:\/\/diarioregionaldigital.com.br\/index.php?rest_route=\/wp\/v2\/posts\/147938\/revisions"}],"wp:featuredmedia":[{"embeddable":true,"href":"https:\/\/diarioregionaldigital.com.br\/index.php?rest_route=\/wp\/v2\/media\/136753"}],"wp:attachment":[{"href":"https:\/\/diarioregionaldigital.com.br\/index.php?rest_route=%2Fwp%2Fv2%2Fmedia&parent=147938"}],"wp:term":[{"taxonomy":"category","embeddable":true,"href":"https:\/\/diarioregionaldigital.com.br\/index.php?rest_route=%2Fwp%2Fv2%2Fcategories&post=147938"},{"taxonomy":"post_tag","embeddable":true,"href":"https:\/\/diarioregionaldigital.com.br\/index.php?rest_route=%2Fwp%2Fv2%2Ftags&post=147938"}],"curies":[{"name":"wp","href":"https:\/\/api.w.org\/{rel}","templated":true}]}}