{"id":147931,"date":"2019-09-18T13:53:54","date_gmt":"2019-09-18T16:53:54","guid":{"rendered":"https:\/\/diarioregionaldigital.com.br\/?p=147931"},"modified":"2019-09-18T13:53:54","modified_gmt":"2019-09-18T16:53:54","slug":"agressores-de-mulheres-deverao-ressarcir-custos-com-atendimento-medico","status":"publish","type":"post","link":"https:\/\/diarioregionaldigital.com.br\/?p=147931","title":{"rendered":"Agressores de mulheres dever\u00e3o ressarcir custos com atendimento m\u00e9dico"},"content":{"rendered":"<p>O agressor de viol\u00eancia dom\u00e9stica ter\u00e1 que ressarcir ao Sistema \u00danico de Sa\u00fade (SUS) os custos m\u00e9dicos e hospitalares com o\u00a0atendimento \u00e0 v\u00edtima de suas agress\u00f5es. A Lei n\u00ba 11.340, que estabelece a responsabiliza\u00e7\u00e3o, sancionada pelo presidente da Rep\u00fablica, Jair Bolsonaro, est\u00e1 publicada no\u00a0<a href=\"http:\/\/www.in.gov.br\/en\/web\/dou\/-\/lei-n-13.871-de-17-de-setembro-de-2019-216803998\" target=\"_blank\" rel=\"noopener\"><em>Di\u00e1rio Oficial da Uni\u00e3o<\/em><\/a>\u00a0desta quarta-feira (18).<\/p>\n<p>De acordo com o texto, &#8220;aquele que, por a\u00e7\u00e3o ou omiss\u00e3o, causar les\u00e3o, viol\u00eancia f\u00edsica, sexual ou psicol\u00f3gica e dano moral ou patrimonial a mulher fica obrigado a ressarcir todos os danos causados, inclusive ao Sistema \u00danico de Sa\u00fade (SUS)&#8221;. Os recursos arrecadados v\u00e3o para o Fundo de Sa\u00fade do ente federado respons\u00e1vel pelas unidades de sa\u00fade que prestarem os servi\u00e7os de atendimento \u00e0 v\u00edtima de viol\u00eancia dom\u00e9stica.<\/p>\n<p>O documento diz ainda que os custos com o uso de dispositivos eletr\u00f4nicos de monitoramento tamb\u00e9m dever\u00e3o ser ressarcidos pelo agressor. A portaria determina\u00a0ainda que os bens da v\u00edtima de viol\u00eancia dom\u00e9stica n\u00e3o podem ser usados pelo autor da agress\u00e3o para o pagamento dos custos e nem como atenuante de pena ou comuta\u00e7\u00e3o, de restri\u00e7\u00e3o de liberdade para pecuni\u00e1ria.<\/p>\n<p>Segundo o projeto Rel\u00f3gios da Viol\u00eancia do Instituto Maria da Penha (IMP), a cada 7,2 segundos uma mulher sofre agress\u00e3o f\u00edsica no Brasil.<\/p>\n<p>Fonte: Ag\u00eancia Brasil<\/p>\n","protected":false},"excerpt":{"rendered":"<p>O agressor de viol\u00eancia dom\u00e9stica ter\u00e1 que ressarcir ao Sistema \u00danico de Sa\u00fade (SUS) os custos m\u00e9dicos e hospitalares com o\u00a0atendimento \u00e0 v\u00edtima de suas agress\u00f5es. A Lei n\u00ba 11.340, que estabelece a responsabiliza\u00e7\u00e3o, sancionada pelo presidente da Rep\u00fablica, Jair Bolsonaro, est\u00e1 publicada no\u00a0Di\u00e1rio Oficial da Uni\u00e3o\u00a0desta quarta-feira (18). De acordo com o texto, &#8220;aquele [&hellip;]<\/p>\n","protected":false},"author":96,"featured_media":147652,"comment_status":"closed","ping_status":"closed","sticky":false,"template":"","format":"standard","meta":{"footnotes":""},"categories":[302,436,440,439],"tags":[],"class_list":["post-147931","post","type-post","status-publish","format-standard","has-post-thumbnail","hentry","category-brasil-mundo","category-destaque-da-semana","category-destaques-do-dia","category-ultima-hora"],"_links":{"self":[{"href":"https:\/\/diarioregionaldigital.com.br\/index.php?rest_route=\/wp\/v2\/posts\/147931","targetHints":{"allow":["GET"]}}],"collection":[{"href":"https:\/\/diarioregionaldigital.com.br\/index.php?rest_route=\/wp\/v2\/posts"}],"about":[{"href":"https:\/\/diarioregionaldigital.com.br\/index.php?rest_route=\/wp\/v2\/types\/post"}],"author":[{"embeddable":true,"href":"https:\/\/diarioregionaldigital.com.br\/index.php?rest_route=\/wp\/v2\/users\/96"}],"replies":[{"embeddable":true,"href":"https:\/\/diarioregionaldigital.com.br\/index.php?rest_route=%2Fwp%2Fv2%2Fcomments&post=147931"}],"version-history":[{"count":0,"href":"https:\/\/diarioregionaldigital.com.br\/index.php?rest_route=\/wp\/v2\/posts\/147931\/revisions"}],"wp:featuredmedia":[{"embeddable":true,"href":"https:\/\/diarioregionaldigital.com.br\/index.php?rest_route=\/wp\/v2\/media\/147652"}],"wp:attachment":[{"href":"https:\/\/diarioregionaldigital.com.br\/index.php?rest_route=%2Fwp%2Fv2%2Fmedia&parent=147931"}],"wp:term":[{"taxonomy":"category","embeddable":true,"href":"https:\/\/diarioregionaldigital.com.br\/index.php?rest_route=%2Fwp%2Fv2%2Fcategories&post=147931"},{"taxonomy":"post_tag","embeddable":true,"href":"https:\/\/diarioregionaldigital.com.br\/index.php?rest_route=%2Fwp%2Fv2%2Ftags&post=147931"}],"curies":[{"name":"wp","href":"https:\/\/api.w.org\/{rel}","templated":true}]}}