{"id":147928,"date":"2019-09-18T13:50:14","date_gmt":"2019-09-18T16:50:14","guid":{"rendered":"https:\/\/diarioregionaldigital.com.br\/?p=147928"},"modified":"2019-09-18T13:50:14","modified_gmt":"2019-09-18T16:50:14","slug":"anp-diz-que-esta-atenta-a-cobrancas-abusivas-de-combustiveis","status":"publish","type":"post","link":"https:\/\/diarioregionaldigital.com.br\/?p=147928","title":{"rendered":"ANP diz que est\u00e1 atenta a cobran\u00e7as abusivas de combust\u00edveis"},"content":{"rendered":"<p>A Ag\u00eancia Nacional do Petr\u00f3leo, G\u00e1s Natural e Biocombust\u00edveis (ANP) informou, por meio de nota, que est\u00e1 \u201catenta\u201d para poss\u00edveis cobran\u00e7as abusivas por combust\u00edveis no Brasil. A cota\u00e7\u00e3o internacional do petr\u00f3leo sofreu uma alta depois de ataques a uma refinaria na Ar\u00e1bia Saudita, na semana passada.<\/p>\n<p>Segundo a nota da ANP, os pre\u00e7os no Brasil s\u00e3o \u201clivres, por lei, em todas as etapas da cadeia: produ\u00e7\u00e3o, distribui\u00e7\u00e3o e revenda.\u00a0 Diante de den\u00fancias de pre\u00e7os abusivos, a ANP faz a\u00e7\u00f5es de campo para confirmar essas suspeitas.\u00a0 Quando constata a pr\u00e1tica de pre\u00e7os abusivos, a ag\u00eancia atua em conjunto com os Procons para penalizar os infratores\u201d.<\/p>\n<p>Na \u00faltima segunda-feira (16), a Petrobras divulgou\u00a0 nota informando que tamb\u00e9m est\u00e1 monitorando a cota\u00e7\u00e3o internacional do petr\u00f3leo, mas que, at\u00e9 aquele momento, n\u00e3o havia previs\u00e3o de reajustar o pre\u00e7o dos combust\u00edveis.<\/p>\n<h2>Distrito Federal<\/h2>\n<p>No Distrito Federal, o\u00a0Procon est\u00e1 notificando\u00a0hoje\u00a0os postos que est\u00e3o comercializando o litro da gasolina acima de R$ 4,22. O par\u00e2metro para a notifica\u00e7\u00e3o segue o pre\u00e7o m\u00e9dio praticado para o produto na capital, de acordo com a ANP, entre os dias 08\/09 e\u00a014\/09\/2019. Os postos notificados t\u00eam 10 dias para prestar esclarecimentos sobre a justificativa do aumento repentino nos valores da gasolina e do diesel desde o dia de\u00a0ontem\u00a0(17), sob risco de san\u00e7\u00e3o por aumentos abusivos.<\/p>\n<p>De acordo com o\u00a0Procon, uma\u00a0equipe de atendimento do \u00f3rg\u00e3o est\u00e1 de plant\u00e3o pelo e-mail\u00a0151@procon.df.gov.br para receber den\u00fancias de consumidores. O \u00f3rg\u00e3o pede que a den\u00fancia seja encaminhada com foto da tabela de\u00a0pre\u00e7os dos produtos e endere\u00e7o do estabelecimento. Todas as den\u00fancias ser\u00e3o averiguadas e o consumidor\u00a0ter\u00e1 sua solicita\u00e7\u00e3o atendida no prazo m\u00e1ximo de 24 horas, ap\u00f3s formaliza\u00e7\u00e3o da den\u00fancia.<\/p>\n<p>Fonte: Ag\u00eancia Brasil<\/p>\n<p>&nbsp;<\/p>\n","protected":false},"excerpt":{"rendered":"<p>A Ag\u00eancia Nacional do Petr\u00f3leo, G\u00e1s Natural e Biocombust\u00edveis (ANP) informou, por meio de nota, que est\u00e1 \u201catenta\u201d para poss\u00edveis cobran\u00e7as abusivas por combust\u00edveis no Brasil. A cota\u00e7\u00e3o internacional do petr\u00f3leo sofreu uma alta depois de ataques a uma refinaria na Ar\u00e1bia Saudita, na semana passada. Segundo a nota da ANP, os pre\u00e7os no Brasil [&hellip;]<\/p>\n","protected":false},"author":96,"featured_media":147929,"comment_status":"closed","ping_status":"closed","sticky":false,"template":"","format":"standard","meta":{"footnotes":""},"categories":[436,261,439],"tags":[],"class_list":["post-147928","post","type-post","status-publish","format-standard","has-post-thumbnail","hentry","category-destaque-da-semana","category-economia","category-ultima-hora"],"_links":{"self":[{"href":"https:\/\/diarioregionaldigital.com.br\/index.php?rest_route=\/wp\/v2\/posts\/147928","targetHints":{"allow":["GET"]}}],"collection":[{"href":"https:\/\/diarioregionaldigital.com.br\/index.php?rest_route=\/wp\/v2\/posts"}],"about":[{"href":"https:\/\/diarioregionaldigital.com.br\/index.php?rest_route=\/wp\/v2\/types\/post"}],"author":[{"embeddable":true,"href":"https:\/\/diarioregionaldigital.com.br\/index.php?rest_route=\/wp\/v2\/users\/96"}],"replies":[{"embeddable":true,"href":"https:\/\/diarioregionaldigital.com.br\/index.php?rest_route=%2Fwp%2Fv2%2Fcomments&post=147928"}],"version-history":[{"count":0,"href":"https:\/\/diarioregionaldigital.com.br\/index.php?rest_route=\/wp\/v2\/posts\/147928\/revisions"}],"wp:featuredmedia":[{"embeddable":true,"href":"https:\/\/diarioregionaldigital.com.br\/index.php?rest_route=\/wp\/v2\/media\/147929"}],"wp:attachment":[{"href":"https:\/\/diarioregionaldigital.com.br\/index.php?rest_route=%2Fwp%2Fv2%2Fmedia&parent=147928"}],"wp:term":[{"taxonomy":"category","embeddable":true,"href":"https:\/\/diarioregionaldigital.com.br\/index.php?rest_route=%2Fwp%2Fv2%2Fcategories&post=147928"},{"taxonomy":"post_tag","embeddable":true,"href":"https:\/\/diarioregionaldigital.com.br\/index.php?rest_route=%2Fwp%2Fv2%2Ftags&post=147928"}],"curies":[{"name":"wp","href":"https:\/\/api.w.org\/{rel}","templated":true}]}}