{"id":147925,"date":"2019-09-18T13:39:16","date_gmt":"2019-09-18T16:39:16","guid":{"rendered":"https:\/\/diarioregionaldigital.com.br\/?p=147925"},"modified":"2019-09-18T13:39:16","modified_gmt":"2019-09-18T16:39:16","slug":"igp-m-acumula-taxa-de-inflacao-de-308-em-12-meses-diz-fgv","status":"publish","type":"post","link":"https:\/\/diarioregionaldigital.com.br\/?p=147925","title":{"rendered":"IGP-M acumula taxa de infla\u00e7\u00e3o de 3,08% em 12 meses, diz FGV"},"content":{"rendered":"<p>O \u00cdndice Geral de Pre\u00e7os \u2013 Mercado (IGP-M), usado no reajuste dos contratos de aluguel, registrou defla\u00e7\u00e3o (queda de pre\u00e7os) de 0,28% na segunda pr\u00e9via de setembro deste ano.<\/p>\n<p>A taxa \u00e9 maior que a da segunda pr\u00e9via de agosto, quando o IGP-M registrou um \u00edndice -0,68%. Os dados foram divulgados hoje (18) pela Funda\u00e7\u00e3o Get\u00falio Vargas (FGV).<\/p>\n<p>Com o resultado da segunda pr\u00e9via de setembro, o IGP-M acumula infla\u00e7\u00e3o de 3,80% no ano e de 3,08% em 12 meses.<\/p>\n<p>Segundo a FGV, alta da taxa da pr\u00e9via de agosto para setembro foi provocada pelo aumento de dois sub\u00edndices. A taxa de infla\u00e7\u00e3o do \u00cdndice Nacional do Custo da Constru\u00e7\u00e3o subiu de 0,15% na segunda pr\u00e9via de agosto para 0,67% na segunda pr\u00e9via de setembro.<\/p>\n<p>J\u00e1 a defla\u00e7\u00e3o do \u00cdndice de Pre\u00e7os ao Produtor Amplo, que mede o atacado, teve uma defla\u00e7\u00e3o mais moderada no per\u00edodo. Se na pr\u00e9via de agosto registrou queda de pre\u00e7os de 1,11%, em setembro a defla\u00e7\u00e3o ficou mais moderada (-0,52%).<\/p>\n<p>Por outro lado, o \u00cdndice de Pre\u00e7os ao Consumidor, que mede o varejo, teve queda na taxa, ao passar de uma infla\u00e7\u00e3o de 0,21% em agosto para uma defla\u00e7\u00e3o de 0,05% em setembro.<\/p>\n<p>Fonte: Ag\u00eancia Brasil<\/p>\n","protected":false},"excerpt":{"rendered":"<p>O \u00cdndice Geral de Pre\u00e7os \u2013 Mercado (IGP-M), usado no reajuste dos contratos de aluguel, registrou defla\u00e7\u00e3o (queda de pre\u00e7os) de 0,28% na segunda pr\u00e9via de setembro deste ano. A taxa \u00e9 maior que a da segunda pr\u00e9via de agosto, quando o IGP-M registrou um \u00edndice -0,68%. Os dados foram divulgados hoje (18) pela Funda\u00e7\u00e3o [&hellip;]<\/p>\n","protected":false},"author":96,"featured_media":147926,"comment_status":"closed","ping_status":"closed","sticky":false,"template":"","format":"standard","meta":{"footnotes":""},"categories":[436,261,439],"tags":[],"class_list":["post-147925","post","type-post","status-publish","format-standard","has-post-thumbnail","hentry","category-destaque-da-semana","category-economia","category-ultima-hora"],"_links":{"self":[{"href":"https:\/\/diarioregionaldigital.com.br\/index.php?rest_route=\/wp\/v2\/posts\/147925","targetHints":{"allow":["GET"]}}],"collection":[{"href":"https:\/\/diarioregionaldigital.com.br\/index.php?rest_route=\/wp\/v2\/posts"}],"about":[{"href":"https:\/\/diarioregionaldigital.com.br\/index.php?rest_route=\/wp\/v2\/types\/post"}],"author":[{"embeddable":true,"href":"https:\/\/diarioregionaldigital.com.br\/index.php?rest_route=\/wp\/v2\/users\/96"}],"replies":[{"embeddable":true,"href":"https:\/\/diarioregionaldigital.com.br\/index.php?rest_route=%2Fwp%2Fv2%2Fcomments&post=147925"}],"version-history":[{"count":0,"href":"https:\/\/diarioregionaldigital.com.br\/index.php?rest_route=\/wp\/v2\/posts\/147925\/revisions"}],"wp:featuredmedia":[{"embeddable":true,"href":"https:\/\/diarioregionaldigital.com.br\/index.php?rest_route=\/wp\/v2\/media\/147926"}],"wp:attachment":[{"href":"https:\/\/diarioregionaldigital.com.br\/index.php?rest_route=%2Fwp%2Fv2%2Fmedia&parent=147925"}],"wp:term":[{"taxonomy":"category","embeddable":true,"href":"https:\/\/diarioregionaldigital.com.br\/index.php?rest_route=%2Fwp%2Fv2%2Fcategories&post=147925"},{"taxonomy":"post_tag","embeddable":true,"href":"https:\/\/diarioregionaldigital.com.br\/index.php?rest_route=%2Fwp%2Fv2%2Ftags&post=147925"}],"curies":[{"name":"wp","href":"https:\/\/api.w.org\/{rel}","templated":true}]}}