{"id":147915,"date":"2019-09-18T06:00:43","date_gmt":"2019-09-18T09:00:43","guid":{"rendered":"https:\/\/diarioregionaldigital.com.br\/?p=147915"},"modified":"2019-09-17T18:53:40","modified_gmt":"2019-09-17T21:53:40","slug":"os-melhores-de-2019","status":"publish","type":"post","link":"https:\/\/diarioregionaldigital.com.br\/?p=147915","title":{"rendered":"\u201cOs Melhores de 2019\u201d"},"content":{"rendered":"<p style=\"text-align: center;\"><strong>Decora\u00e7\u00e3o<\/strong><\/p>\n<p style=\"text-align: center;\">Juntando doses de criatividade, os arquitetos Fernanda Rubatino, Rog\u00e9rio Mascarenhas Aguiar, Liliane Faria Barreto, Luiz Duque, Let\u00edcia Nery, Maria Clara dos Santos, L\u00edvia Nehme e Rebeca Gonzalez, s\u00e3o alguns dos participantes da 2\u00aa Mostra de Ambientes Sier. Com conceitos 5 estrelas os espa\u00e7os revelam o apurad\u00edssimo bom gosto dos participantes.<\/p>\n<p style=\"text-align: center;\"><strong>Homenagem<\/strong><\/p>\n<p style=\"text-align: center;\">Digna de todos os elogios, a mineira de Caratinga (MG), Elizabeth Batista de Castro vai receber no dia 19 de setembro, na C\u00e2mara Municipal, o T\u00edtulo de Cidad\u00e3 Honor\u00e1ria de Juiz de Fora, projeto da ex-vereadora delegada Sheila Oliveira. Com bonita trajet\u00f3ria na \u00e1rea de ensino em Juiz de Fora, ela brilha como diretora do Sistema Degraus.<\/p>\n<p style=\"text-align: center;\"><strong>Novidade<\/strong><\/p>\n<p style=\"text-align: center;\">Contabilizando sucesso nas festas luxuosas de Juiz de Fora e regi\u00e3o, Toninho Aleixo e Lu Mendes est\u00e3o inaugurando na rua Dom Silv\u00e9rio, no Alto dos Passo a casa \u201cLarmonie\u201d. No espa\u00e7o especializado, o luxo em aluguel de utens\u00edlios e pe\u00e7as decorativas com objetos, para todo tipo de festas, tanto nacionais como tamb\u00e9m importados.<\/p>\n<p style=\"text-align: center;\"><strong>Cr\u00e9dito<\/strong><\/p>\n<p style=\"text-align: center;\">Em boa hora, o presidente do BNDES, Gustavo Montezano, afirma que, ap\u00f3s investigar empr\u00e9stimos para obras em Cuba e na Venezuela, o banco se prepara para retomar a linha de cr\u00e9dito \u00e0 exporta\u00e7\u00e3o de servi\u00e7os, suspensa h\u00e1 tr\u00eas anos. Mas o foco, agora, ser\u00e3o os setores de defesa e software.<\/p>\n<p style=\"text-align: center;\"><strong>Olha S\u00f3<\/strong><\/p>\n<p style=\"text-align: center;\">A expectativa do varejo em rela\u00e7\u00e3o \u00e0 libera\u00e7\u00e3o do FGTS \u00e9 claramente distinta. Os supermercados est\u00e3o otimistas. J\u00e1 o varejo de eletroeletr\u00f4nicos n\u00e3o est\u00e1 animado. Em resumo, como o valor disponibilizados \u00e9 baixo, \u00e9 prov\u00e1vel que o brasileiro gaste mesmo o dinheiro para comprar comida.<\/p>\n<p style=\"text-align: center;\"><span style=\"font-size: 14pt;\"><strong>\u201cOs Melhores de 2019\u201d<\/strong><\/span><\/p>\n<p style=\"text-align: center;\">Todos os homenageados com o Trof\u00e9u \u201cOs Melhores de 2019\u201d j\u00e1 confirmaram presen\u00e7a na deslumbrante festa que vai comemorar os 31 anos de colunismo do titular desta p\u00e1gina, no dia 8 de outubro, no Trade Hotel.<\/p>\n<div id=\"attachment_147890\" style=\"width: 690px\" class=\"wp-caption aligncenter\"><img loading=\"lazy\" decoding=\"async\" aria-describedby=\"caption-attachment-147890\" class=\"wp-image-147890\" src=\"https:\/\/diarioregionaldigital.com.br\/wp-content\/uploads\/2019\/09\/fotoa-11-e1568756582179.jpg\" alt=\"\" width=\"680\" height=\"577\" srcset=\"https:\/\/diarioregionaldigital.com.br\/wp-content\/uploads\/2019\/09\/fotoa-11-e1568756582179.jpg 1176w, https:\/\/diarioregionaldigital.com.br\/wp-content\/uploads\/2019\/09\/fotoa-11-e1568756582179-300x255.jpg 300w, https:\/\/diarioregionaldigital.com.br\/wp-content\/uploads\/2019\/09\/fotoa-11-e1568756582179-768x652.jpg 768w, https:\/\/diarioregionaldigital.com.br\/wp-content\/uploads\/2019\/09\/fotoa-11-e1568756582179-1024x869.jpg 1024w, https:\/\/diarioregionaldigital.com.br\/wp-content\/uploads\/2019\/09\/fotoa-11-e1568756582179-360x306.jpg 360w\" sizes=\"auto, (max-width: 680px) 100vw, 680px\" \/><p id=\"caption-attachment-147890\" class=\"wp-caption-text\">Presen\u00e7a linda na festa \u201cMelhores de 2019\u201d, com o Jeans Bonjour, Danielle Gervason<\/p><\/div>\n<div id=\"attachment_147892\" style=\"width: 690px\" class=\"wp-caption aligncenter\"><img loading=\"lazy\" decoding=\"async\" aria-describedby=\"caption-attachment-147892\" class=\"wp-image-147892\" src=\"https:\/\/diarioregionaldigital.com.br\/wp-content\/uploads\/2019\/09\/fotob-11-e1568756670861.jpg\" alt=\"\" width=\"680\" height=\"522\" srcset=\"https:\/\/diarioregionaldigital.com.br\/wp-content\/uploads\/2019\/09\/fotob-11-e1568756670861.jpg 1170w, https:\/\/diarioregionaldigital.com.br\/wp-content\/uploads\/2019\/09\/fotob-11-e1568756670861-300x231.jpg 300w, https:\/\/diarioregionaldigital.com.br\/wp-content\/uploads\/2019\/09\/fotob-11-e1568756670861-768x590.jpg 768w, https:\/\/diarioregionaldigital.com.br\/wp-content\/uploads\/2019\/09\/fotob-11-e1568756670861-1024x787.jpg 1024w, https:\/\/diarioregionaldigital.com.br\/wp-content\/uploads\/2019\/09\/fotob-11-e1568756670861-360x277.jpg 360w\" sizes=\"auto, (max-width: 680px) 100vw, 680px\" \/><p id=\"caption-attachment-147892\" class=\"wp-caption-text\">Amigos confraternizando no Marechal Center, Eduardo Gomes, o maquiador Lisandro Reis e o coiffeur Marcelo Paiva<\/p><\/div>\n<div id=\"attachment_147891\" style=\"width: 690px\" class=\"wp-caption aligncenter\"><img loading=\"lazy\" decoding=\"async\" aria-describedby=\"caption-attachment-147891\" class=\"wp-image-147891\" src=\"https:\/\/diarioregionaldigital.com.br\/wp-content\/uploads\/2019\/09\/fotoaa-3-e1568756631755.jpg\" alt=\"\" width=\"680\" height=\"507\" srcset=\"https:\/\/diarioregionaldigital.com.br\/wp-content\/uploads\/2019\/09\/fotoaa-3-e1568756631755.jpg 1277w, https:\/\/diarioregionaldigital.com.br\/wp-content\/uploads\/2019\/09\/fotoaa-3-e1568756631755-300x224.jpg 300w, https:\/\/diarioregionaldigital.com.br\/wp-content\/uploads\/2019\/09\/fotoaa-3-e1568756631755-768x573.jpg 768w, https:\/\/diarioregionaldigital.com.br\/wp-content\/uploads\/2019\/09\/fotoaa-3-e1568756631755-1024x764.jpg 1024w, https:\/\/diarioregionaldigital.com.br\/wp-content\/uploads\/2019\/09\/fotoaa-3-e1568756631755-360x269.jpg 360w\" sizes=\"auto, (max-width: 680px) 100vw, 680px\" \/><p id=\"caption-attachment-147891\" class=\"wp-caption-text\">Curtindo a Segunda Sem Lei, os queridos: Rose Oliveira, Pedro Bismark, o empres\u00e1rio Dilermando Delgado e o cardiologista Jos\u00e9 Ant\u00f4nio de Souza Vieira<\/p><\/div>\n<div id=\"attachment_147897\" style=\"width: 690px\" class=\"wp-caption aligncenter\"><img loading=\"lazy\" decoding=\"async\" aria-describedby=\"caption-attachment-147897\" class=\"wp-image-147897\" src=\"https:\/\/diarioregionaldigital.com.br\/wp-content\/uploads\/2019\/09\/fotobb-2.jpg\" alt=\"\" width=\"680\" height=\"452\" srcset=\"https:\/\/diarioregionaldigital.com.br\/wp-content\/uploads\/2019\/09\/fotobb-2.jpg 4512w, https:\/\/diarioregionaldigital.com.br\/wp-content\/uploads\/2019\/09\/fotobb-2-300x199.jpg 300w, https:\/\/diarioregionaldigital.com.br\/wp-content\/uploads\/2019\/09\/fotobb-2-768x511.jpg 768w, https:\/\/diarioregionaldigital.com.br\/wp-content\/uploads\/2019\/09\/fotobb-2-1024x681.jpg 1024w, https:\/\/diarioregionaldigital.com.br\/wp-content\/uploads\/2019\/09\/fotobb-2-360x239.jpg 360w\" sizes=\"auto, (max-width: 680px) 100vw, 680px\" \/><p id=\"caption-attachment-147897\" class=\"wp-caption-text\">Em seu \u201cDia D\u201d, no Aeroporto, os bonit\u00f5es Guilherme Guizelli e Sydney Castro<\/p><\/div>\n<div id=\"attachment_147899\" style=\"width: 690px\" class=\"wp-caption aligncenter\"><img loading=\"lazy\" decoding=\"async\" aria-describedby=\"caption-attachment-147899\" class=\"wp-image-147899\" src=\"https:\/\/diarioregionaldigital.com.br\/wp-content\/uploads\/2019\/09\/fotoc-10-e1568756716219.jpg\" alt=\"\" width=\"680\" height=\"495\" srcset=\"https:\/\/diarioregionaldigital.com.br\/wp-content\/uploads\/2019\/09\/fotoc-10-e1568756716219.jpg 1172w, https:\/\/diarioregionaldigital.com.br\/wp-content\/uploads\/2019\/09\/fotoc-10-e1568756716219-300x218.jpg 300w, https:\/\/diarioregionaldigital.com.br\/wp-content\/uploads\/2019\/09\/fotoc-10-e1568756716219-768x559.jpg 768w, https:\/\/diarioregionaldigital.com.br\/wp-content\/uploads\/2019\/09\/fotoc-10-e1568756716219-1024x745.jpg 1024w, https:\/\/diarioregionaldigital.com.br\/wp-content\/uploads\/2019\/09\/fotoc-10-e1568756716219-360x262.jpg 360w\" sizes=\"auto, (max-width: 680px) 100vw, 680px\" \/><p id=\"caption-attachment-147899\" class=\"wp-caption-text\">Curtindo um sambinha, o casal Paulo Miana e Adriana Botti Miana<\/p><\/div>\n<div id=\"attachment_147900\" style=\"width: 690px\" class=\"wp-caption aligncenter\"><img loading=\"lazy\" decoding=\"async\" aria-describedby=\"caption-attachment-147900\" class=\"wp-image-147900\" src=\"https:\/\/diarioregionaldigital.com.br\/wp-content\/uploads\/2019\/09\/fotocc-1-e1568757043462.jpg\" alt=\"\" width=\"680\" height=\"511\" srcset=\"https:\/\/diarioregionaldigital.com.br\/wp-content\/uploads\/2019\/09\/fotocc-1-e1568757043462.jpg 767w, https:\/\/diarioregionaldigital.com.br\/wp-content\/uploads\/2019\/09\/fotocc-1-e1568757043462-300x225.jpg 300w, https:\/\/diarioregionaldigital.com.br\/wp-content\/uploads\/2019\/09\/fotocc-1-e1568757043462-360x270.jpg 360w\" sizes=\"auto, (max-width: 680px) 100vw, 680px\" \/><p id=\"caption-attachment-147900\" class=\"wp-caption-text\">Em Nova York o encontro de mineiros da moda 5 estrelas Larissa Lessa e Francisco Costa<\/p><\/div>\n<div id=\"attachment_147901\" style=\"width: 690px\" class=\"wp-caption aligncenter\"><img loading=\"lazy\" decoding=\"async\" aria-describedby=\"caption-attachment-147901\" class=\"wp-image-147901\" src=\"https:\/\/diarioregionaldigital.com.br\/wp-content\/uploads\/2019\/09\/fotod-10.jpg\" alt=\"\" width=\"680\" height=\"453\" srcset=\"https:\/\/diarioregionaldigital.com.br\/wp-content\/uploads\/2019\/09\/fotod-10.jpg 1764w, https:\/\/diarioregionaldigital.com.br\/wp-content\/uploads\/2019\/09\/fotod-10-300x200.jpg 300w, https:\/\/diarioregionaldigital.com.br\/wp-content\/uploads\/2019\/09\/fotod-10-768x512.jpg 768w, https:\/\/diarioregionaldigital.com.br\/wp-content\/uploads\/2019\/09\/fotod-10-1024x683.jpg 1024w, https:\/\/diarioregionaldigital.com.br\/wp-content\/uploads\/2019\/09\/fotod-10-360x240.jpg 360w\" sizes=\"auto, (max-width: 680px) 100vw, 680px\" \/><p id=\"caption-attachment-147901\" class=\"wp-caption-text\">Em Bicas fazendo a festa, M\u00e1rcio Marques, Wesley Monteiro, Ricardo Alex e Carlos Sacchi<\/p><\/div>\n<div id=\"attachment_147902\" style=\"width: 690px\" class=\"wp-caption aligncenter\"><img loading=\"lazy\" decoding=\"async\" aria-describedby=\"caption-attachment-147902\" class=\"wp-image-147902\" src=\"https:\/\/diarioregionaldigital.com.br\/wp-content\/uploads\/2019\/09\/fotodd.jpg\" alt=\"\" width=\"680\" height=\"453\" srcset=\"https:\/\/diarioregionaldigital.com.br\/wp-content\/uploads\/2019\/09\/fotodd.jpg 960w, https:\/\/diarioregionaldigital.com.br\/wp-content\/uploads\/2019\/09\/fotodd-300x200.jpg 300w, https:\/\/diarioregionaldigital.com.br\/wp-content\/uploads\/2019\/09\/fotodd-768x512.jpg 768w, https:\/\/diarioregionaldigital.com.br\/wp-content\/uploads\/2019\/09\/fotodd-360x240.jpg 360w\" sizes=\"auto, (max-width: 680px) 100vw, 680px\" \/><p id=\"caption-attachment-147902\" class=\"wp-caption-text\">O m\u00e9dico psiquiatra H\u00e9lio Fadel presen\u00e7a confirmada na festa \u201cOs Melhores de 2019\u201d<\/p><\/div>\n<div id=\"attachment_147904\" style=\"width: 690px\" class=\"wp-caption aligncenter\"><img loading=\"lazy\" decoding=\"async\" aria-describedby=\"caption-attachment-147904\" class=\"wp-image-147904\" src=\"https:\/\/diarioregionaldigital.com.br\/wp-content\/uploads\/2019\/09\/fotof-11-e1568756801478.jpg\" alt=\"\" width=\"680\" height=\"484\" srcset=\"https:\/\/diarioregionaldigital.com.br\/wp-content\/uploads\/2019\/09\/fotof-11-e1568756801478.jpg 1416w, https:\/\/diarioregionaldigital.com.br\/wp-content\/uploads\/2019\/09\/fotof-11-e1568756801478-300x214.jpg 300w, https:\/\/diarioregionaldigital.com.br\/wp-content\/uploads\/2019\/09\/fotof-11-e1568756801478-768x547.jpg 768w, https:\/\/diarioregionaldigital.com.br\/wp-content\/uploads\/2019\/09\/fotof-11-e1568756801478-1024x729.jpg 1024w, https:\/\/diarioregionaldigital.com.br\/wp-content\/uploads\/2019\/09\/fotof-11-e1568756801478-360x256.jpg 360w, https:\/\/diarioregionaldigital.com.br\/wp-content\/uploads\/2019\/09\/fotof-11-e1568756801478-100x70.jpg 100w\" sizes=\"auto, (max-width: 680px) 100vw, 680px\" \/><p id=\"caption-attachment-147904\" class=\"wp-caption-text\">Profissionais que fazem a diferen\u00e7a, Alcione Marocolo e Thiago Vianna<\/p><\/div>\n<div id=\"attachment_147906\" style=\"width: 690px\" class=\"wp-caption aligncenter\"><img loading=\"lazy\" decoding=\"async\" aria-describedby=\"caption-attachment-147906\" class=\"wp-image-147906\" src=\"https:\/\/diarioregionaldigital.com.br\/wp-content\/uploads\/2019\/09\/fotog-11.jpg\" alt=\"\" width=\"680\" height=\"449\" srcset=\"https:\/\/diarioregionaldigital.com.br\/wp-content\/uploads\/2019\/09\/fotog-11.jpg 1770w, https:\/\/diarioregionaldigital.com.br\/wp-content\/uploads\/2019\/09\/fotog-11-300x198.jpg 300w, https:\/\/diarioregionaldigital.com.br\/wp-content\/uploads\/2019\/09\/fotog-11-768x508.jpg 768w, https:\/\/diarioregionaldigital.com.br\/wp-content\/uploads\/2019\/09\/fotog-11-1024x677.jpg 1024w, https:\/\/diarioregionaldigital.com.br\/wp-content\/uploads\/2019\/09\/fotog-11-1440x950.jpg 1440w, https:\/\/diarioregionaldigital.com.br\/wp-content\/uploads\/2019\/09\/fotog-11-360x238.jpg 360w\" sizes=\"auto, (max-width: 680px) 100vw, 680px\" \/><p id=\"caption-attachment-147906\" class=\"wp-caption-text\">Bonit\u00f5es na festa Fresh no Green Hill, Felipe Bersan, L\u00facio Golfeto e L\u00facio Reis<\/p><\/div>\n<div id=\"attachment_147908\" style=\"width: 690px\" class=\"wp-caption aligncenter\"><img loading=\"lazy\" decoding=\"async\" aria-describedby=\"caption-attachment-147908\" class=\"wp-image-147908\" src=\"https:\/\/diarioregionaldigital.com.br\/wp-content\/uploads\/2019\/09\/fotoi-10-e1568756849663.jpg\" alt=\"\" width=\"680\" height=\"489\" srcset=\"https:\/\/diarioregionaldigital.com.br\/wp-content\/uploads\/2019\/09\/fotoi-10-e1568756849663.jpg 1176w, https:\/\/diarioregionaldigital.com.br\/wp-content\/uploads\/2019\/09\/fotoi-10-e1568756849663-300x216.jpg 300w, https:\/\/diarioregionaldigital.com.br\/wp-content\/uploads\/2019\/09\/fotoi-10-e1568756849663-768x552.jpg 768w, https:\/\/diarioregionaldigital.com.br\/wp-content\/uploads\/2019\/09\/fotoi-10-e1568756849663-1024x737.jpg 1024w, https:\/\/diarioregionaldigital.com.br\/wp-content\/uploads\/2019\/09\/fotoi-10-e1568756849663-360x259.jpg 360w\" sizes=\"auto, (max-width: 680px) 100vw, 680px\" \/><p id=\"caption-attachment-147908\" class=\"wp-caption-text\">Festejando no Rio 20 anos de casamento: Carla Naresi e Ant\u00f4nio Naresi J\u00fanior<\/p><\/div>\n<p style=\"text-align: center;\"><strong>FOTOSS\u00cdNTESE<\/strong><\/p>\n<p>A elegante Escritora Cecy Barbosa Campos passa temporada em fam\u00edlia na cidade de Cascavel no Paran\u00e1. Retorna para a festa \u201cOs Melhores de 2019\u201d.<\/p>\n<p>Juntando muito colorido, o Parque dos Unic\u00f3rnios faz sucesso e garante divers\u00e3o infantil, no Independ\u00eancia Shopping.<\/p>\n<p>O Privil\u00e8ge vai reunir os rostos mais bonitos da cidade no dia 28 de setembro, \u00e0s 16h, com o evento Nossa Tarde.<\/p>\n<p>Com del\u00edcias sem gl\u00faten a Chico Geraes coloca nas prateleiras a lasanha feita de mandioca. A linha de massas tem no card\u00e1pio uma diversidade de produtos de primeira linha.<\/p>\n<p>O cantor Ney Matogrosso, esbanjando vitalidade em seus 77 anos, sobe ao palco do Theatro Central dia 12 de outubro, com o show \u201dBloco na Rua\u201d, que faz enorme sucesso com apresenta\u00e7\u00f5es lotadas por onde passa. O figurino \u00e9 assinado por Lino Villaventura.<\/p>\n<p>O deputado estadual Noraldinho J\u00fanior foi agraciado pelo governador de Minas, Romeu Zema, com a medalha de honra, em Diamantina (MG), durante a solenidade de entrega da Medalha JK.<\/p>\n<p>Maria Helena Peixoto e a filha Carolina evidenciavam eleg\u00e2ncia no casamento de Guilherme Guizelli e Sydney Castro, no Aeroporto.<\/p>\n<p>Para irradiar: \u201cQuando o sol abra\u00e7ou a cidade e o seu calor aqueceu os lares e os troncos das \u00e1rvores afastando \u00faltimos vest\u00edgios do invernos, a primavera finalmente sorriu\u201d. Bom dia.<\/p>\n<p><img loading=\"lazy\" decoding=\"async\" class=\"aligncenter size-full wp-image-147175\" src=\"https:\/\/diarioregionaldigital.com.br\/wp-content\/uploads\/2019\/09\/anuncio26.jpg\" alt=\"\" width=\"1756\" height=\"334\" srcset=\"https:\/\/diarioregionaldigital.com.br\/wp-content\/uploads\/2019\/09\/anuncio26.jpg 1756w, https:\/\/diarioregionaldigital.com.br\/wp-content\/uploads\/2019\/09\/anuncio26-300x57.jpg 300w, https:\/\/diarioregionaldigital.com.br\/wp-content\/uploads\/2019\/09\/anuncio26-768x146.jpg 768w, https:\/\/diarioregionaldigital.com.br\/wp-content\/uploads\/2019\/09\/anuncio26-1024x195.jpg 1024w, https:\/\/diarioregionaldigital.com.br\/wp-content\/uploads\/2019\/09\/anuncio26-360x68.jpg 360w\" sizes=\"auto, (max-width: 1756px) 100vw, 1756px\" \/><\/p>\n","protected":false},"excerpt":{"rendered":"<p>Decora\u00e7\u00e3o Juntando doses de criatividade, os arquitetos Fernanda Rubatino, Rog\u00e9rio Mascarenhas Aguiar, Liliane Faria Barreto, Luiz Duque, Let\u00edcia Nery, Maria Clara dos Santos, L\u00edvia Nehme e Rebeca Gonzalez, s\u00e3o alguns dos participantes da 2\u00aa Mostra de Ambientes Sier. Com conceitos 5 estrelas os espa\u00e7os revelam o apurad\u00edssimo bom gosto dos participantes. Homenagem Digna de todos [&hellip;]<\/p>\n","protected":false},"author":96,"featured_media":147890,"comment_status":"closed","ping_status":"closed","sticky":false,"template":"","format":"standard","meta":{"footnotes":""},"categories":[264],"tags":[],"class_list":["post-147915","post","type-post","status-publish","format-standard","has-post-thumbnail","hentry","category-eduardo-gomes"],"_links":{"self":[{"href":"https:\/\/diarioregionaldigital.com.br\/index.php?rest_route=\/wp\/v2\/posts\/147915","targetHints":{"allow":["GET"]}}],"collection":[{"href":"https:\/\/diarioregionaldigital.com.br\/index.php?rest_route=\/wp\/v2\/posts"}],"about":[{"href":"https:\/\/diarioregionaldigital.com.br\/index.php?rest_route=\/wp\/v2\/types\/post"}],"author":[{"embeddable":true,"href":"https:\/\/diarioregionaldigital.com.br\/index.php?rest_route=\/wp\/v2\/users\/96"}],"replies":[{"embeddable":true,"href":"https:\/\/diarioregionaldigital.com.br\/index.php?rest_route=%2Fwp%2Fv2%2Fcomments&post=147915"}],"version-history":[{"count":0,"href":"https:\/\/diarioregionaldigital.com.br\/index.php?rest_route=\/wp\/v2\/posts\/147915\/revisions"}],"wp:featuredmedia":[{"embeddable":true,"href":"https:\/\/diarioregionaldigital.com.br\/index.php?rest_route=\/wp\/v2\/media\/147890"}],"wp:attachment":[{"href":"https:\/\/diarioregionaldigital.com.br\/index.php?rest_route=%2Fwp%2Fv2%2Fmedia&parent=147915"}],"wp:term":[{"taxonomy":"category","embeddable":true,"href":"https:\/\/diarioregionaldigital.com.br\/index.php?rest_route=%2Fwp%2Fv2%2Fcategories&post=147915"},{"taxonomy":"post_tag","embeddable":true,"href":"https:\/\/diarioregionaldigital.com.br\/index.php?rest_route=%2Fwp%2Fv2%2Ftags&post=147915"}],"curies":[{"name":"wp","href":"https:\/\/api.w.org\/{rel}","templated":true}]}}