{"id":147905,"date":"2019-09-17T18:12:35","date_gmt":"2019-09-17T21:12:35","guid":{"rendered":"https:\/\/diarioregionaldigital.com.br\/?p=147905"},"modified":"2019-09-17T18:12:35","modified_gmt":"2019-09-17T21:12:35","slug":"apos-vencer-sul-americano-brasil-foca-na-copa-do-mundo","status":"publish","type":"post","link":"https:\/\/diarioregionaldigital.com.br\/?p=147905","title":{"rendered":"Ap\u00f3s vencer Sul-Americano, Brasil foca na Copa do Mundo"},"content":{"rendered":"<p>Depois de conquistar o t\u00edtulo do Campeonato Sul-Americano de v\u00f4lei masculino, a sele\u00e7\u00e3o brasileira se reapresenta nesta ter\u00e7a (17), no Centro de Desenvolvimento de Voleibol (CDV), em Saquarema (RJ), j\u00e1 visando a Copa do Mundo no Jap\u00e3o. O time viaja de novo no domingo (22) para o \u00faltimo compromisso da temporada.<\/p>\n<p>A Copa do Mundo de v\u00f4lei masculino ser\u00e1 disputada de 30 de setembro a 15 de outubro e a sele\u00e7\u00e3o brasileira jogar\u00e1 nas cidades de Nagano e Hiroshima. A estreia da equipe ser\u00e1 no dia 1\u00ba de outubro, \u00e0s 6h (Hor\u00e1rio de Bras\u00edlia), contra o Canad\u00e1.<\/p>\n<p>Depois do Canad\u00e1, o Brasil tem Austr\u00e1lia, Egito, R\u00fassia e Ir\u00e3 entre os dias 2 e 6 de outubro, em Nagano. Depois vai para Hiroshima, onde enfrenta Argentina, Estados Unidos, Tun\u00edsia, Pol\u00f4nia, Jap\u00e3o e It\u00e1lia.<\/p>\n<p>Al\u00e9m do Sul-Americano, a sele\u00e7\u00e3o de v\u00f4lei masculino j\u00e1 esteve em 2019 na Liga das Na\u00e7\u00f5es e no Pr\u00e9-Ol\u00edmpico. O desempenho da equipe agradou ao treinador Renan Dal Zotto, que destacou a qualidade de um grupo formado por jovens talentos, como os opostos Alan e Felipe Roque, os centrais Fl\u00e1vio e Matheus, os levantadores Fernando Cachopa e Car\u00edsio, entre outros.<\/p>\n<p>\u201cFomos com um grupo jovem para o Sul-Americano, optando por deixar cinco jogadores treinando em Saquarema e se preparando para a Copa do Mundo, e voltamos satisfeitos. Os garotos, que t\u00eam muito talento, corresponderam e provaram que vestir a camisa do Brasil \u00e9, no m\u00ednimo, inspirador. Eles assumiram a postura necess\u00e1ria e conseguiram virar o jogo na final contra a Argentina, que estava jogando muito bem. Foi uma experi\u00eancia important\u00edssima para cada um deles\u201d, disse Renan.<\/p>\n<p>Nesta semana, os cinco atletas que ficaram treinando \u2013 Bruninho, Maur\u00edcio Souza, Luc\u00e3o, Lucarelli e Maur\u00edcio Borges \u2013 se reintegram ao grupo da sele\u00e7\u00e3o visando a Copa do Mundo de v\u00f4lei masculino. Os treinamentos ser\u00e3o j\u00e1 com os 14 que viajam para o Jap\u00e3o: os levantadores Bruninho e Fernando; os opostos Alan e Felipe Roque; os centrais Maur\u00edcio Souza, Luc\u00e3o, Isac e Fl\u00e1vio; os ponteiros Lucarelli, Maur\u00edcio Borges, Leal e Douglas, e os l\u00edberos Thales e Maique.<\/p>\n<p>Fonte: Olimp\u00edada Todo Dia<\/p>\n","protected":false},"excerpt":{"rendered":"<p>Depois de conquistar o t\u00edtulo do Campeonato Sul-Americano de v\u00f4lei masculino, a sele\u00e7\u00e3o brasileira se reapresenta nesta ter\u00e7a (17), no Centro de Desenvolvimento de Voleibol (CDV), em Saquarema (RJ), j\u00e1 visando a Copa do Mundo no Jap\u00e3o. O time viaja de novo no domingo (22) para o \u00faltimo compromisso da temporada. A Copa do Mundo [&hellip;]<\/p>\n","protected":false},"author":96,"featured_media":147895,"comment_status":"closed","ping_status":"closed","sticky":false,"template":"","format":"standard","meta":{"footnotes":""},"categories":[436,257,439],"tags":[],"class_list":["post-147905","post","type-post","status-publish","format-standard","has-post-thumbnail","hentry","category-destaque-da-semana","category-esporte","category-ultima-hora"],"_links":{"self":[{"href":"https:\/\/diarioregionaldigital.com.br\/index.php?rest_route=\/wp\/v2\/posts\/147905","targetHints":{"allow":["GET"]}}],"collection":[{"href":"https:\/\/diarioregionaldigital.com.br\/index.php?rest_route=\/wp\/v2\/posts"}],"about":[{"href":"https:\/\/diarioregionaldigital.com.br\/index.php?rest_route=\/wp\/v2\/types\/post"}],"author":[{"embeddable":true,"href":"https:\/\/diarioregionaldigital.com.br\/index.php?rest_route=\/wp\/v2\/users\/96"}],"replies":[{"embeddable":true,"href":"https:\/\/diarioregionaldigital.com.br\/index.php?rest_route=%2Fwp%2Fv2%2Fcomments&post=147905"}],"version-history":[{"count":0,"href":"https:\/\/diarioregionaldigital.com.br\/index.php?rest_route=\/wp\/v2\/posts\/147905\/revisions"}],"wp:featuredmedia":[{"embeddable":true,"href":"https:\/\/diarioregionaldigital.com.br\/index.php?rest_route=\/wp\/v2\/media\/147895"}],"wp:attachment":[{"href":"https:\/\/diarioregionaldigital.com.br\/index.php?rest_route=%2Fwp%2Fv2%2Fmedia&parent=147905"}],"wp:term":[{"taxonomy":"category","embeddable":true,"href":"https:\/\/diarioregionaldigital.com.br\/index.php?rest_route=%2Fwp%2Fv2%2Fcategories&post=147905"},{"taxonomy":"post_tag","embeddable":true,"href":"https:\/\/diarioregionaldigital.com.br\/index.php?rest_route=%2Fwp%2Fv2%2Ftags&post=147905"}],"curies":[{"name":"wp","href":"https:\/\/api.w.org\/{rel}","templated":true}]}}