{"id":147889,"date":"2019-09-17T18:11:34","date_gmt":"2019-09-17T21:11:34","guid":{"rendered":"https:\/\/diarioregionaldigital.com.br\/?p=147889"},"modified":"2019-09-17T18:11:34","modified_gmt":"2019-09-17T21:11:34","slug":"brasil-enfrenta-fortes-selecoes-africanas-em-outubro","status":"publish","type":"post","link":"https:\/\/diarioregionaldigital.com.br\/?p=147889","title":{"rendered":"Brasil enfrenta fortes sele\u00e7\u00f5es africanas em outubro"},"content":{"rendered":"<p>Senegal e Nig\u00e9ria, duas das principais for\u00e7as do futebol africano na atualidade, ser\u00e3o as advers\u00e1rias da Sele\u00e7\u00e3o Brasileira nas Datas FIFA de outubro. O Est\u00e1dio Nacional de Singapura, arena reinaugurada em 2014 com capacidade para 55 mil torcedores, ser\u00e1 o palco do confrontos marcados para os dias 10 e 13, \u00e0s 20h local (9h de Bras\u00edlia).<\/p>\n<p>No dia 10 de outubro de 2019, a Sele\u00e7\u00e3o Brasileira Principal far\u00e1 seu primeiro jogo da hist\u00f3ria contra Senegal. Melhor equipe africana no Ranking FIFA, os senegaleses encontram-se na 20\u00aa posi\u00e7\u00e3o da classifica\u00e7\u00e3o.<\/p>\n<p>Tr\u00eas dias depois, em 13 de outubro, Brasil e Nig\u00e9ria (33\u00aa do Ranking FIFA) se enfrentam no mesmo palco. Ser\u00e1 apenas o segundo confronto da Sele\u00e7\u00e3o Principal contra os nigerianos. O primeiro foi em 2003, com vit\u00f3ria brasileira por 3 a 0 em Abuja, capital nigeriana. Gil, Lu\u00eds Fabiano e Adriano marcaram os gols do triunfo.<\/p>\n<p>As equipes advers\u00e1rias v\u00eam de bons resultados em 2019. Senegal e Nig\u00e9ria terminaram em segundo e terceiro lugares, respectivamente, na Copa Africana de Na\u00e7\u00f5es disputada nos meses de junho e julho. A escolha vem ao encontro do conceito estabelecido entre a Presid\u00eancia da entidade e a Comiss\u00e3o T\u00e9cnica da Sele\u00e7\u00e3o Brasileira, de jogar contra advers\u00e1rios top 50 do ranking da FIFA sempre que poss\u00edvel.<\/p>\n<p>&#8211; Escolhemos duas das melhores sele\u00e7\u00f5es africanas por serem enfrentamentos de alto n\u00edvel e contra uma escola que a Sele\u00e7\u00e3o Brasileira teve poucos encontros nos \u00faltimos anos. Era um desejo da Comiss\u00e3o T\u00e9cnica, por isso fomos atr\u00e1s destes advers\u00e1rios &#8211; comentou o Coordenador da Sele\u00e7\u00e3o, Juninho Paulista.<\/p>\n<p>Sob o comando do t\u00e9cnico Tite, o Brasil enfrentou apenas uma equipe africana. Em novembro de 2018, com gol de Richarlison, derrotou Camar\u00f5es. A partida foi realizada em Milton Keynes, na Inglaterra, e marcou o encerramento da temporada para a equipe.<\/p>\n<p>Esta ser\u00e1 a segunda passagem da Sele\u00e7\u00e3o Brasileira pelo remodelado Est\u00e1dio Nacional de Singapura. Em outubro de 2014, tamb\u00e9m em per\u00edodo de amistosos, o Brasil derrotou o Jap\u00e3o por 4 a 0, com quatro gols de Neymar, para um p\u00fablico de aproximadamente 51 mil pessoas.<\/p>\n<p>Fonte: CBF<\/p>\n","protected":false},"excerpt":{"rendered":"<p>Senegal e Nig\u00e9ria, duas das principais for\u00e7as do futebol africano na atualidade, ser\u00e3o as advers\u00e1rias da Sele\u00e7\u00e3o Brasileira nas Datas FIFA de outubro. O Est\u00e1dio Nacional de Singapura, arena reinaugurada em 2014 com capacidade para 55 mil torcedores, ser\u00e1 o palco do confrontos marcados para os dias 10 e 13, \u00e0s 20h local (9h de [&hellip;]<\/p>\n","protected":false},"author":96,"featured_media":147894,"comment_status":"closed","ping_status":"closed","sticky":false,"template":"","format":"standard","meta":{"footnotes":""},"categories":[436,257,439],"tags":[],"class_list":["post-147889","post","type-post","status-publish","format-standard","has-post-thumbnail","hentry","category-destaque-da-semana","category-esporte","category-ultima-hora"],"_links":{"self":[{"href":"https:\/\/diarioregionaldigital.com.br\/index.php?rest_route=\/wp\/v2\/posts\/147889","targetHints":{"allow":["GET"]}}],"collection":[{"href":"https:\/\/diarioregionaldigital.com.br\/index.php?rest_route=\/wp\/v2\/posts"}],"about":[{"href":"https:\/\/diarioregionaldigital.com.br\/index.php?rest_route=\/wp\/v2\/types\/post"}],"author":[{"embeddable":true,"href":"https:\/\/diarioregionaldigital.com.br\/index.php?rest_route=\/wp\/v2\/users\/96"}],"replies":[{"embeddable":true,"href":"https:\/\/diarioregionaldigital.com.br\/index.php?rest_route=%2Fwp%2Fv2%2Fcomments&post=147889"}],"version-history":[{"count":0,"href":"https:\/\/diarioregionaldigital.com.br\/index.php?rest_route=\/wp\/v2\/posts\/147889\/revisions"}],"wp:featuredmedia":[{"embeddable":true,"href":"https:\/\/diarioregionaldigital.com.br\/index.php?rest_route=\/wp\/v2\/media\/147894"}],"wp:attachment":[{"href":"https:\/\/diarioregionaldigital.com.br\/index.php?rest_route=%2Fwp%2Fv2%2Fmedia&parent=147889"}],"wp:term":[{"taxonomy":"category","embeddable":true,"href":"https:\/\/diarioregionaldigital.com.br\/index.php?rest_route=%2Fwp%2Fv2%2Fcategories&post=147889"},{"taxonomy":"post_tag","embeddable":true,"href":"https:\/\/diarioregionaldigital.com.br\/index.php?rest_route=%2Fwp%2Fv2%2Ftags&post=147889"}],"curies":[{"name":"wp","href":"https:\/\/api.w.org\/{rel}","templated":true}]}}